{"id":1996,"date":"2025-03-17T18:49:34","date_gmt":"2025-03-17T17:49:34","guid":{"rendered":"https:\/\/abdesselambougedrawi.com\/?p=1996"},"modified":"2025-03-19T15:26:28","modified_gmt":"2025-03-19T14:26:28","slug":"que-pourrait-etre-la-sagacite","status":"publish","type":"post","link":"https:\/\/abdesselambougedrawi.com\/index.php\/2025\/03\/17\/que-pourrait-etre-la-sagacite\/","title":{"rendered":"QUE POURRAIT \u00caTRE LA SAGACIT\u00c9 ?"},"content":{"rendered":"\n<p><\/p>\n\n\n\n<div class=\"wp-block-media-text is-stacked-on-mobile\"><figure class=\"wp-block-media-text__media\"><img loading=\"lazy\" decoding=\"async\" width=\"960\" height=\"640\" src=\"https:\/\/abdesselambougedrawi.com\/wp-content\/uploads\/2025\/03\/regret.jpg\" alt=\"\" class=\"wp-image-2083 size-full\" srcset=\"https:\/\/abdesselambougedrawi.com\/wp-content\/uploads\/2025\/03\/regret.jpg 960w, https:\/\/abdesselambougedrawi.com\/wp-content\/uploads\/2025\/03\/regret-300x200.jpg 300w, https:\/\/abdesselambougedrawi.com\/wp-content\/uploads\/2025\/03\/regret-768x512.jpg 768w\" sizes=\"auto, (max-width: 960px) 100vw, 960px\" \/><\/figure><div class=\"wp-block-media-text__content\">\n<p><strong>La sagacit\u00e9 repr\u00e9sente de mani\u00e8re exemplaire les termes qui progressivement perdent leur signification. On ne l\u2019utilise gu\u00e8re, son abandon dans le langage courant fera que, prochainement, il fera partie des termes obsol\u00e8tes ou d\u2019utilisation soutenue dans les dictionnaires.<\/strong><\/p>\n<\/div><\/div>\n\n\n\n<!--more-->\n\n\n\n<p>Non seulement l\u2019usage de ce terme se rar\u00e9fie, mais nous perdons dans notre univers mental ce qu\u2019il repr\u00e9sente. Dans le meilleur des cas, on le confond avec la perspicacit\u00e9. Pourtant, malgr\u00e9 leur rapprochement, ces deux termes poss\u00e8dent des sens fondamentalement diff\u00e9rents. Aussi, je vous propose, au pr\u00e9alable, de d\u00e9finir la perspicacit\u00e9, ensuite, la sagacit\u00e9.<\/p>\n\n\n\n<p><a href=\"https:\/\/abdesselamboutique.com\/\" target=\"_blank\" rel=\"noreferrer noopener\">ALLER SUR MA BOUTIQUE<\/a><\/p>\n\n\n\n<h2 class=\"wp-block-heading\"><strong>Qu\u2019est-ce la perspicacit\u00e9 ?<\/strong><\/h2>\n\n\n\n<p>Une d\u00e9finition \u00e9l\u00e9mentaire serait celle de pouvoir d\u00e9busquer les r\u00e9alit\u00e9s qui se cachent derri\u00e8re certaines apparences.<\/p>\n\n\n\n<p>Je vous propose un exemple simple, mais \u00e9vocateur. Une personne de votre connaissance est connue en tant que s\u00e9v\u00e8re, au visage constamment placide. Cependant, parce que vous l\u2019avez c\u00f4toy\u00e9, vous lui d\u00eetes :<\/p>\n\n\n\n<p><em>Sous votre apparence de s\u00e9v\u00e9rit\u00e9, vous dissimulez une personne g\u00e9n\u00e9reuse et aimable.<\/em><\/p>\n\n\n\n<p>La personne, reconnaissante, pourrait vous r\u00e9pondre : <em>merci, vous \u00eates perspicaces<\/em>.<\/p>\n\n\n\n<p>\u00c9videmment une personne gentille et aimable se contentera d\u2019un merci. Mais, je donne cette r\u00e9ponse pour l\u2019exemple.<\/p>\n\n\n\n<p>La sagacit\u00e9 repr\u00e9sente une forme \u00e9labor\u00e9e de la fonction mentale. N\u00e9anmoins, elle se limite \u00e0 quelques cas.<\/p>\n\n\n\n<h2 class=\"wp-block-heading\">Que pourrait \u00eatre la sagacit\u00e9<\/h2>\n\n\n\n<p>Elle repr\u00e9sente une fonction \u00e9labor\u00e9e et sophistiqu\u00e9e de la pens\u00e9e. G\u00e9n\u00e9ralement, elle est peu pr\u00e9sente, cependant, auparavant, on s\u2019effor\u00e7ait de l\u2019acqu\u00e9rir.<\/p>\n\n\n\n<p>Ici, il est question de d\u00e9busquer les faits r\u00e9els qui se drapent derri\u00e8re les apparences d\u2019\u00e9v\u00e9nements. Toutefois, \u00e0 la diff\u00e9rence de la perspicacit\u00e9, souvent, il est question de plusieurs observations. D\u2019autre part, on regroupe les constatations pour en faire une conclusion. La caract\u00e9ristique majeure de la sagacit\u00e9 est que ses conclusions peuvent \u00e9galement servir de pr\u00e9visions ou d\u2019anticipation. On peut dire que la sagacit\u00e9, non seulement d\u00e9couvre ce qui est occulte, mais l\u2019utilise pour une exp\u00e9rience ult\u00e9rieure.<\/p>\n\n\n\n<p><\/p>\n\n\n\n<div class=\"wp-block-buttons is-layout-flex wp-block-buttons-is-layout-flex\">\n<div class=\"wp-block-button\"><a class=\"wp-block-button__link wp-element-button\" href=\"https:\/\/abdesselamboutique.com\/\" target=\"_blank\" rel=\"noreferrer noopener\">ALLER SUR MA BOUTIQUE<\/a><\/div>\n<\/div>\n\n\n\n<h2 class=\"wp-block-heading\">Exemple de perspicacit\u00e9 et de sagacit\u00e9<\/h2>\n\n\n\n<p>Dans ses enqu\u00eates, lorsque de Sherlock Holmes \u00e0 partir de faits divers arrive \u00e0 une conclusion, il fait preuve de perspicacit\u00e9.<\/p>\n\n\n\n<p>Lorsqu\u2019\u00e0 partir d\u2019observations ant\u00e9rieures sur le comportement humain, il peut d\u00e9crire des sc\u00e8nes telles qu\u2019elles pourraient se produire, ou bien parvient \u00e0 anticiper des comportements, il fait preuve de sagacit\u00e9.<\/p>\n\n\n\n<h2 class=\"wp-block-heading\">La sagacit\u00e9 est quelque chose que l\u2019on pr\u00eate aux philosophes de l\u2019Antiquit\u00e9<\/h2>\n\n\n\n<p>Je l\u2019affirme, ni Socrate ni Platon ne la poss\u00e9daient. Un dossier sp\u00e9cial, d\u00e9faire Platon, vous est propos\u00e9 en t\u00e9l\u00e9chargement gratuit. Rendez-vous \u00e0 mon blog, www.ecritaumag.com.<\/p>\n\n\n\n<p>G\u00e9n\u00e9ralement, on pr\u00eate \u00e0 Aristote une certaine sagacit\u00e9.<\/p>\n\n\n\n<h2 class=\"wp-block-heading\">Penseur arabe musulman de l\u2019Andalousie et sagacit\u00e9<\/h2>\n\n\n\n<p>Les penseurs Arabes musulmans de l\u2019Andalousie jusqu\u2019au XIIIe si\u00e8cle, non seulement poss\u00e9daient la sagacit\u00e9, ils la d\u00e9crivaient avec \u00e9clat. Que ce f\u00fbt Avempace, Averro\u00e8s, Avicenne, tous ont permis la g\u00e9n\u00e9ralisation d\u2019un esprit de clairvoyance, de perspicacit\u00e9, et de lucidit\u00e9.<\/p>\n\n\n\n<p>Le plus brillant d\u2019entre eux est, sans conteste, Ibn Tofeyl. En effet, cet auteur, avec son all\u00e9gorie philosophique, Hay Ibn Yakadane, est \u00e0 l\u2019origine de la pens\u00e9e moderne. Certainement jamais Platon ni Socrate. Vous pouvez acqu\u00e9rir mon essai sur cet auteur <a href=\"https:\/\/www.amazon.fr\/dp\/B0D1YVDQCY\">ICI<\/a><\/p>\n\n\n\n<p><\/p>\n\n\n\n<div class=\"wp-block-buttons is-layout-flex wp-block-buttons-is-layout-flex\">\n<div class=\"wp-block-button\"><a class=\"wp-block-button__link wp-element-button\" href=\"https:\/\/abdesselamboutique.com\/\" target=\"_blank\" rel=\"noreferrer noopener\">ALLER SUR MA BOUTIQUE<\/a><\/div>\n<\/div>\n\n\n\n<div class=\"wp-block-group is-nowrap is-layout-flex wp-container-core-group-is-layout-ad2f72ca wp-block-group-is-layout-flex\">\n<figure class=\"wp-block-embed is-type-rich is-provider-amazon wp-block-embed-amazon\"><div class=\"wp-block-embed__wrapper\">\n<iframe loading=\"lazy\" title=\"IBN TOFEYL, HAY IN YAKDANE, CONTE PHILOSOPHIQUE\" type=\"text\/html\" width=\"700\" height=\"550\" frameborder=\"0\" allowfullscreen style=\"max-width:100%\" src=\"https:\/\/lire.amazon.fr\/kp\/card?preview=inline&#038;linkCode=kpd&#038;ref_=k4w_oembed_Bmg2PszmpShUEv&#038;asin=B0D1YVDQCY&#038;tag=kpembed-20\"><\/iframe>\n<\/div><\/figure>\n\n\n\n<figure class=\"wp-block-embed is-type-rich is-provider-amazon wp-block-embed-amazon\"><div class=\"wp-block-embed__wrapper\">\n<iframe loading=\"lazy\" title=\"Discours sur les influences et les manipulations des esprits en Occident : ECRiTAU mag, la libert\u00e9 de penser autrement\" type=\"text\/html\" width=\"700\" height=\"550\" frameborder=\"0\" allowfullscreen style=\"max-width:100%\" src=\"https:\/\/lire.amazon.fr\/kp\/card?preview=inline&#038;linkCode=kpd&#038;ref_=k4w_oembed_4Ajo2kRLzJchW4&#038;asin=B0D36HL97Z&#038;tag=kpembed-20\"><\/iframe>\n<\/div><\/figure>\n<\/div>\n\n\n\n<p>#IbnTofeyl #HayIbnYakdane #IbnTufayl #HayyIbnYaqdhan #Sagacit\u00e9 #perspicacit\u00e9 #lucidit\u00e9 #Platon #Aristote #Avicenne #Avempace #Averro\u00e8s<\/p>\n\n\n\n<p>#abdesselambougedrawi #culture #\u00c9crivain #Maroc #\u00e9crivainsmarocains #safi #Saficulture #villedesafi<\/p>\n\n\n\n<p><\/p>\n\n\n\n<p><\/p>\n\n\n\n<p><\/p>\n","protected":false},"excerpt":{"rendered":"<p>La sagacit\u00e9 repr\u00e9sente de mani\u00e8re exemplaire les termes qui progressivement perdent leur signification. On ne l\u2019utilise gu\u00e8re, son abandon dans le langage courant fera que, prochainement, il fera partie des&hellip; <\/p>\n","protected":false},"author":1,"featured_media":0,"comment_status":"closed","ping_status":"open","sticky":false,"template":"","format":"standard","meta":{"_jetpack_memberships_contains_paid_content":false,"footnotes":""},"categories":[114,23],"tags":[6,555,7,582,601,603,604,405,602],"class_list":["post-1996","post","type-post","status-publish","format-standard","hentry","category-philosophie","category-societe","tag-abdesselam-bougedrawi","tag-aristote","tag-culture","tag-hay-ibn-yakdane","tag-ibntofeyl","tag-lucidite-avicenne-avempace-averroes","tag-perspicacite","tag-platon","tag-sagacite"],"jetpack_featured_media_url":"","jetpack_sharing_enabled":true,"_links":{"self":[{"href":"https:\/\/abdesselambougedrawi.com\/index.php\/wp-json\/wp\/v2\/posts\/1996","targetHints":{"allow":["GET"]}}],"collection":[{"href":"https:\/\/abdesselambougedrawi.com\/index.php\/wp-json\/wp\/v2\/posts"}],"about":[{"href":"https:\/\/abdesselambougedrawi.com\/index.php\/wp-json\/wp\/v2\/types\/post"}],"author":[{"embeddable":true,"href":"https:\/\/abdesselambougedrawi.com\/index.php\/wp-json\/wp\/v2\/users\/1"}],"replies":[{"embeddable":true,"href":"https:\/\/abdesselambougedrawi.com\/index.php\/wp-json\/wp\/v2\/comments?post=1996"}],"version-history":[{"count":11,"href":"https:\/\/abdesselambougedrawi.com\/index.php\/wp-json\/wp\/v2\/posts\/1996\/revisions"}],"predecessor-version":[{"id":2089,"href":"https:\/\/abdesselambougedrawi.com\/index.php\/wp-json\/wp\/v2\/posts\/1996\/revisions\/2089"}],"wp:attachment":[{"href":"https:\/\/abdesselambougedrawi.com\/index.php\/wp-json\/wp\/v2\/media?parent=1996"}],"wp:term":[{"taxonomy":"category","embeddable":true,"href":"https:\/\/abdesselambougedrawi.com\/index.php\/wp-json\/wp\/v2\/categories?post=1996"},{"taxonomy":"post_tag","embeddable":true,"href":"https:\/\/abdesselambougedrawi.com\/index.php\/wp-json\/wp\/v2\/tags?post=1996"}],"curies":[{"name":"wp","href":"https:\/\/api.w.org\/{rel}","templated":true}]}}