{"id":2172,"date":"2025-04-08T11:23:16","date_gmt":"2025-04-08T09:23:16","guid":{"rendered":"https:\/\/abdesselambougedrawi.com\/?p=2172"},"modified":"2025-04-08T11:23:18","modified_gmt":"2025-04-08T09:23:18","slug":"union-europeenne-une-presomptueuse-vision-du-monde","status":"publish","type":"post","link":"https:\/\/abdesselambougedrawi.com\/index.php\/2025\/04\/08\/union-europeenne-une-presomptueuse-vision-du-monde\/","title":{"rendered":"UNION EUROP\u00c9ENNE, UNE PR\u00c9SOMPTUEUSE VISION DU MONDE"},"content":{"rendered":"\n<figure class=\"wp-block-image size-large\"><img loading=\"lazy\" decoding=\"async\" width=\"1024\" height=\"576\" src=\"https:\/\/abdesselambougedrawi.com\/wp-content\/uploads\/2025\/04\/UNION-EUROPEENNE-UNE-PRESOMPTUEUSE-VISION-DU-MONDE-1024x576.jpg\" alt=\"\" class=\"wp-image-2174\" srcset=\"https:\/\/abdesselambougedrawi.com\/wp-content\/uploads\/2025\/04\/UNION-EUROPEENNE-UNE-PRESOMPTUEUSE-VISION-DU-MONDE-1024x576.jpg 1024w, https:\/\/abdesselambougedrawi.com\/wp-content\/uploads\/2025\/04\/UNION-EUROPEENNE-UNE-PRESOMPTUEUSE-VISION-DU-MONDE-300x169.jpg 300w, https:\/\/abdesselambougedrawi.com\/wp-content\/uploads\/2025\/04\/UNION-EUROPEENNE-UNE-PRESOMPTUEUSE-VISION-DU-MONDE-768x432.jpg 768w, https:\/\/abdesselambougedrawi.com\/wp-content\/uploads\/2025\/04\/UNION-EUROPEENNE-UNE-PRESOMPTUEUSE-VISION-DU-MONDE.jpg 1280w\" sizes=\"auto, (max-width: 1024px) 100vw, 1024px\" \/><\/figure>\n\n\n\n<h2 class=\"wp-block-heading\">Vers une crise in\u00e9luctable &nbsp;<\/h2>\n\n\n\n<p>L\u2019Union europ\u00e9enne s\u2019enfonce, insidieusement, dans une crise sociologique, culturelle, \u00e9conomique irr\u00e9versible. Ce qui est pr\u00e9occupant ne consiste pas en la crise elle-m\u00eame, mais en son d\u00e9ni. Aveugl\u00e9s par leur pass\u00e9 colonialiste, par leur domination ancienne du monde, les Europ\u00e9ens n\u2019imaginent pas un seul instant que leur supr\u00e9matie puisse \u00eatre remise en question. Comme auparavant, dans les esprits, il suffit de le d\u00e9sirer, pour l\u2019obtenir.<\/p>\n\n\n\n<p>L\u2019ensemble des actions entreprises n\u2019est pas dirig\u00e9 vers l\u2019enrayement de la crise, mais, inversement, s\u2019oriente vers le d\u00e9nigrement syst\u00e9matique des populations anciennement domin\u00e9es, ou vers celles colonis\u00e9es, ou bien encore, vers ceux que l\u2019on consid\u00e8re en tant que rivaux traditionnels. Le cas de la guerre contre la Russie est exemplaire.<\/p>\n\n\n\n<p>L\u2019\u00e9mergence d\u2019un Donald Trump triomphant, ses attaques \u00e9conomiques contre l\u2019Europe unie, pr\u00e9cipite, brutalement, l\u2019Union vers les incertitudes. Ici, les r\u00e9actions demeurent les m\u00eames qu\u2019auparavant, des gesticulations, des incantations, des invectives envers les Am\u00e9ricains.<\/p>\n\n\n\n<h1 class=\"wp-block-heading\">Une Europe abasourdie<\/h1>\n\n\n\n<p>M\u00eame si quelques esprits clairvoyants lancent le signal d\u2019alarme concernant la condition europ\u00e9enne, ils sont inaudibles. La raison incombe \u00e0 une situation cr\u00e9\u00e9e de mani\u00e8re factice par les intellectuels, les f\u00e9ministes, la Cancel culture, la transfiguration de l\u2019humain, ainsi que par les obsessions de certains penseurs. Dans le but de comprendre cette situation, je vous invite \u00e0 vous procurer mes ouvrages suivants :<\/p>\n\n\n\n<p>\u2013 <a href=\"https:\/\/www.amazon.fr\/dp\/B0CJ1V9MXZ\">le Sycrobsper &nbsp;el les intellectuels<\/a>. Le Sycrobsper signifie, syndrome de croyance obsessionnelle persistante. Certains intellectuels en sont contamin\u00e9s.<\/p>\n\n\n\n<p>\u2013 <a href=\"https:\/\/www.amazon.fr\/dp\/B0BZ75ZB7H\">Transfiguration de l\u2019humain en Occident, la naissance de la monade.<\/a> Dans cet essai, je d\u00e9cris l&rsquo;\u00e9mergence d\u2019un humain nouveau pr\u00e9sentant les caract\u00e9ristiques suivantes. Il est cynique, mais ici le cynisme est per\u00e7u en tant que vertueux. Il n\u2019a besoin de rien d\u2019autre que de lui-m\u00eame. Un troisi\u00e8me attribut, il est born\u00e9, refusant d\u2019admettre l\u2019\u00e9vidence.<\/p>\n\n\n\n<p>\u2013 <a href=\"https:\/\/www.amazon.fr\/dp\/B0CY5QD51M\">La fabrique du choc des civilisations et des opinions<\/a>. Je d\u00e9cris de fa\u00e7on, didactique, claire et compl\u00e8te, comment on a pu fabriquer un choc de civilisation que l\u2019on attend encore. Cependant, mon analyse englobe d\u2019autres types de manipulation de l\u2019opinion.<\/p>\n\n\n\n<p>\u2013 <a href=\"https:\/\/www.amazon.fr\/dp\/B0CTKWYH6S\">Cancel et contre Cancel culture, une m\u00e9chancet\u00e9 bienveillante<\/a>. Vous saurez tout sur la Cancel culture, mais, pareillement sur les r\u00e9actions par rapport \u00e0 elle.<\/p>\n\n\n\n<h2 class=\"wp-block-heading\">Une ambiance morbide<\/h2>\n\n\n\n<p>Malheureusement, l\u2019atmosph\u00e8re d\u00e9l\u00e9t\u00e8re engendr\u00e9e par une intelligentzia aussi incomp\u00e9tente qu\u2019arrogante emp\u00eache l\u2019\u00e9mergence des esprits lucides.<\/p>\n\n\n\n<p>Je vous invite, pour comprendre cette condition europ\u00e9enne funeste, de prendre connaissance de mes essais cit\u00e9s plus haut, ou bien d\u2019autres.<\/p>\n\n\n\n<h2 class=\"wp-block-heading\">Une Union europ\u00e9enne isol\u00e9e<\/h2>\n\n\n\n<p>En cons\u00e9quence des comportements irresponsables de partis politiques, de philosophes, de penseurs, g\u00e9n\u00e9ralement des intellectuels, l\u2019Union europ\u00e9enne s\u2019isole compl\u00e8tement de son entourage. Mais, pareillement, de ses partenaires et amis de tradition. En effet, en r\u00e9ponse aux gesticulations, aux invectives, aux d\u00e9nigrements, beaucoup de pays se d\u00e9tournent de l\u2019union. \u00c9conomiquement, ceci est suicidaire.<\/p>\n\n\n\n<h2 class=\"wp-block-heading\">Une vision \u00e9cul\u00e9e de ce qui n\u2019est pas europ\u00e9en<\/h2>\n\n\n\n<p>Je vous propose de prendre connaissance d\u2019un extrait de mon ouvrage, <a href=\"https:\/\/www.amazon.fr\/dp\/B0CZPMP7GW\">d\u00e9sagr\u00e9gation, paup\u00e9risation, de l\u2019Union europ\u00e9enne. Retour des nationalismes.<\/a> Il s\u2019agit d\u2019un paragraphe intitul\u00e9, <a>un manque de vision sur le long terme<\/a>.<\/p>\n\n\n\n<p>\u00c0 ses d\u00e9buts, apr\u00e8s la Seconde Guerre mondiale, l\u2019Union europ\u00e9enne balbutiante n\u2019envisageait \u00e0 aucun moment un \u00e9ventuel changement du monde. \u00c0 l\u2019\u00e9poque, le monde \u00e9tait bipolaire avec d\u2019une part ce qu\u2019on nommait, <em>le monde libre,<\/em> constitu\u00e9 par les USA et des pays europ\u00e9ens, face \u00e0 lui l\u2019ancienne URSS et ses pays satellites. Cette opposition \u00e9tait tellement forte que Churchill avait \u00e9voqu\u00e9 le rideau de fer.<\/p>\n\n\n\n<p>Actuellement, le monde a largement transmut\u00e9. Les divisions entre les nations, pour l\u2019essentiel, ne sont plus de l\u2019ordre id\u00e9ologique, mais bien de celui \u00e9conomique.<\/p>\n\n\n\n<p>Que ce soient les Am\u00e9ricains capitalistes, ou que ce soit l\u2019Inde traditionnelle, ou encore la Chine et la Russie socialistes, ce qui prime demeure le pragmatisme \u00e9conomique. Il est le seul \u00e0 permettre de nourrir les humains. Certainement pas l\u2019id\u00e9ologie. Cela \u00e9tait possible il y a 30 ans, ce ne l\u2019est plus actuellement.<\/p>\n\n\n\n<p>Les pays de l\u2019Union ne sont jamais sortis d\u2019une id\u00e9ologie ancienne. Ils sont dans le d\u00e9ni de la puissance de la Chine, de l\u2019Inde, du Br\u00e9sil, de la Cor\u00e9e et de la Russie. Ils sont encore dans le d\u00e9ni de l\u2019importance \u00e9conomique de l\u2019Afrique et du Maghreb.<\/p>\n\n\n\n<p>Lorsque l\u2019on \u00e9coute les discours d\u2019une grande partie des intellectuels et des hommes politiques fran\u00e7ais, on se rend compte qu\u2019ils continuent de consid\u00e9rer les Maghr\u00e9bins comme des moiti\u00e9s d\u2019\u00eatres humains. L\u2019id\u00e9e m\u00eame qu\u2019ils puissent \u00e9voluer pour repr\u00e9senter une menace \u00e9conomique pour eux constitue un affront \u00e0 leur intelligence. Non seulement les pays de l\u2019Afrique \u00e9voluent, mais ils forment un formidable march\u00e9 en pleine \u00e9bullition. Un march\u00e9 dans lequel les pays de l\u2019Union europ\u00e9enne risquent de ne pas \u00eatre pr\u00e9sents.<\/p>\n\n\n\n<p><\/p>\n\n\n\n<div class=\"wp-block-group is-nowrap is-layout-flex wp-container-core-group-is-layout-ad2f72ca wp-block-group-is-layout-flex\">\n<figure class=\"wp-block-embed is-type-rich is-provider-amazon wp-block-embed-amazon\"><div class=\"wp-block-embed__wrapper\">\n<iframe loading=\"lazy\" title=\"LE SYCROBSPER ET LES INTELLECTUELS\" type=\"text\/html\" width=\"700\" height=\"550\" frameborder=\"0\" allowfullscreen style=\"max-width:100%\" src=\"https:\/\/lire.amazon.fr\/kp\/card?preview=inline&#038;linkCode=kpd&#038;ref_=k4w_oembed_eOHA0LvlHJcS8x&#038;asin=B0CJ1V9MXZ&#038;tag=kpembed-20\"><\/iframe>\n<\/div><\/figure>\n\n\n\n<figure class=\"wp-block-embed is-type-rich is-provider-amazon wp-block-embed-amazon\"><div class=\"wp-block-embed__wrapper\">\n<iframe loading=\"lazy\" title=\"TRANSFIGURATION DE L\u2019HUMAIN EN OCCIDENT. LA NAISSANCE DE LA MONADE (LA LIBERT\u00c9 DE PENSER AUTREMENT 6)\" type=\"text\/html\" width=\"700\" height=\"550\" frameborder=\"0\" allowfullscreen style=\"max-width:100%\" src=\"https:\/\/lire.amazon.fr\/kp\/card?preview=inline&#038;linkCode=kpd&#038;ref_=k4w_oembed_5kxtzK4N0kiyqO&#038;asin=B0BZ75ZB7H&#038;tag=kpembed-20\"><\/iframe>\n<\/div><\/figure>\n\n\n\n<figure class=\"wp-block-embed is-type-rich is-provider-amazon wp-block-embed-amazon\"><div class=\"wp-block-embed__wrapper\">\n<iframe loading=\"lazy\" title=\"FABRIQUE DU CHOC DES CIVILISATIONS ET DES OPINIONS (LA LIBERT\u00c9 DE PENSER AUTREMENT t. 9)\" type=\"text\/html\" width=\"700\" height=\"550\" frameborder=\"0\" allowfullscreen style=\"max-width:100%\" src=\"https:\/\/lire.amazon.fr\/kp\/card?preview=inline&#038;linkCode=kpd&#038;ref_=k4w_oembed_FsDGx0SvHSgH0z&#038;asin=B0CY5QD51M&#038;tag=kpembed-20\"><\/iframe>\n<\/div><\/figure>\n\n\n\n<figure class=\"wp-block-embed is-type-rich is-provider-amazon wp-block-embed-amazon\"><div class=\"wp-block-embed__wrapper\">\n<iframe loading=\"lazy\" title=\"CANCEL ET CONTRE CANCEL CULTURE: Une m\u00e9chancet\u00e9 bienheureuse\" type=\"text\/html\" width=\"700\" height=\"550\" frameborder=\"0\" allowfullscreen style=\"max-width:100%\" src=\"https:\/\/lire.amazon.fr\/kp\/card?preview=inline&#038;linkCode=kpd&#038;ref_=k4w_oembed_9y271WnRrmhoOC&#038;asin=B0CTKWYH6S&#038;tag=kpembed-20\"><\/iframe>\n<\/div><\/figure>\n<\/div>\n\n\n\n<p><\/p>\n\n\n\n<p class=\"has-kubio-color-4-background-color has-background\"><strong>Des dossiers gratuits en t\u00e9l\u00e9chargement sur mon site, <a href=\"https:\/\/ecritaumag.com\/\">https:\/\/ecritaumag.com\/<\/a><\/strong><\/p>\n\n\n\n<p> <\/p>\n\n\n\n<p>#DonnaTrump #Poutine # Ukraine #crise\u00e9conomique #gu\u00e8re #r\u00e9cession #droitsdedouane #sanctions\u00e9conomiques #abdesselambougedrawi #culture #\u00c9crivain #Maroc #\u00e9crivainsmarocains<\/p>\n\n\n\n<p><\/p>\n","protected":false},"excerpt":{"rendered":"<p>Vers une crise in\u00e9luctable &nbsp; L\u2019Union europ\u00e9enne s\u2019enfonce, insidieusement, dans une crise sociologique, culturelle, \u00e9conomique irr\u00e9versible. Ce qui est pr\u00e9occupant ne consiste pas en la crise elle-m\u00eame, mais en son&hellip; <\/p>\n","protected":false},"author":1,"featured_media":0,"comment_status":"closed","ping_status":"open","sticky":false,"template":"","format":"standard","meta":{"_jetpack_memberships_contains_paid_content":false,"footnotes":""},"categories":[1],"tags":[6,642,7,479,644,28,584,643,583],"class_list":["post-2172","post","type-post","status-publish","format-standard","hentry","category-blog","tag-abdesselam-bougedrawi","tag-crise-economique-2","tag-culture","tag-donald-trump","tag-droite-doman","tag-guerre","tag-poutine","tag-recession","tag-ukraine"],"jetpack_featured_media_url":"","jetpack_sharing_enabled":true,"_links":{"self":[{"href":"https:\/\/abdesselambougedrawi.com\/index.php\/wp-json\/wp\/v2\/posts\/2172","targetHints":{"allow":["GET"]}}],"collection":[{"href":"https:\/\/abdesselambougedrawi.com\/index.php\/wp-json\/wp\/v2\/posts"}],"about":[{"href":"https:\/\/abdesselambougedrawi.com\/index.php\/wp-json\/wp\/v2\/types\/post"}],"author":[{"embeddable":true,"href":"https:\/\/abdesselambougedrawi.com\/index.php\/wp-json\/wp\/v2\/users\/1"}],"replies":[{"embeddable":true,"href":"https:\/\/abdesselambougedrawi.com\/index.php\/wp-json\/wp\/v2\/comments?post=2172"}],"version-history":[{"count":1,"href":"https:\/\/abdesselambougedrawi.com\/index.php\/wp-json\/wp\/v2\/posts\/2172\/revisions"}],"predecessor-version":[{"id":2175,"href":"https:\/\/abdesselambougedrawi.com\/index.php\/wp-json\/wp\/v2\/posts\/2172\/revisions\/2175"}],"wp:attachment":[{"href":"https:\/\/abdesselambougedrawi.com\/index.php\/wp-json\/wp\/v2\/media?parent=2172"}],"wp:term":[{"taxonomy":"category","embeddable":true,"href":"https:\/\/abdesselambougedrawi.com\/index.php\/wp-json\/wp\/v2\/categories?post=2172"},{"taxonomy":"post_tag","embeddable":true,"href":"https:\/\/abdesselambougedrawi.com\/index.php\/wp-json\/wp\/v2\/tags?post=2172"}],"curies":[{"name":"wp","href":"https:\/\/api.w.org\/{rel}","templated":true}]}}