{"id":2239,"date":"2025-04-30T14:58:06","date_gmt":"2025-04-30T12:58:06","guid":{"rendered":"https:\/\/abdesselambougedrawi.com\/?p=2239"},"modified":"2025-04-30T14:58:07","modified_gmt":"2025-04-30T12:58:07","slug":"tragedie-de-nantes-5-barbarie-en-harmonie-avec-de-nouveaux-reperes","status":"publish","type":"post","link":"https:\/\/abdesselambougedrawi.com\/index.php\/2025\/04\/30\/tragedie-de-nantes-5-barbarie-en-harmonie-avec-de-nouveaux-reperes\/","title":{"rendered":"TRAG\u00c9DIE DE NANTES 5, BARBARIE EN HARMONIE AVEC DE NOUVEAUX REP\u00c8RES"},"content":{"rendered":"\n<figure class=\"wp-block-image size-large\"><img loading=\"lazy\" decoding=\"async\" width=\"1024\" height=\"576\" src=\"https:\/\/abdesselambougedrawi.com\/wp-content\/uploads\/2025\/04\/TRAGEDIE-DE-NANTES-5-NOUYVEAUX-REPERES-1024x576.jpg\" alt=\"\" class=\"wp-image-2240\" srcset=\"https:\/\/abdesselambougedrawi.com\/wp-content\/uploads\/2025\/04\/TRAGEDIE-DE-NANTES-5-NOUYVEAUX-REPERES-1024x576.jpg 1024w, https:\/\/abdesselambougedrawi.com\/wp-content\/uploads\/2025\/04\/TRAGEDIE-DE-NANTES-5-NOUYVEAUX-REPERES-300x169.jpg 300w, https:\/\/abdesselambougedrawi.com\/wp-content\/uploads\/2025\/04\/TRAGEDIE-DE-NANTES-5-NOUYVEAUX-REPERES-768x432.jpg 768w, https:\/\/abdesselambougedrawi.com\/wp-content\/uploads\/2025\/04\/TRAGEDIE-DE-NANTES-5-NOUYVEAUX-REPERES.jpg 1280w\" sizes=\"auto, (max-width: 1024px) 100vw, 1024px\" \/><\/figure>\n\n\n\n<p class=\"has-kubio-color-4-background-color has-background\">J<strong>e rappelle au lecteur que, au-del\u00e0 de la trag\u00e9die de Nantes qui conduisit au d\u00e9c\u00e8s d\u2019une lyc\u00e9enne innocente, je propose de rassembler l\u2019ensemble des \u00e9l\u00e9ments, anciens ou r\u00e9cents, qui conduisirent \u00e0 la condition pr\u00e9sente. Ensuite, \u00e0 la fin de ma s\u00e9rie d\u2019articles, je vous proposerai soit un dossier PDF gratuit, sinon un corpus regroupant l\u2019ensemble des composants \u00e0 l\u2019origine de la transfiguration profonde que conna\u00eet le monde occidental, essentiellement la France. Depuis plusieurs ann\u00e9es je mets en garde, \u00e0 travers mes essais et mes articles, contre les d\u00e9rives des intellectuels \u00e0 l\u2019origine de cette situation d\u00e9l\u00e9t\u00e8re<\/strong>.<\/p>\n\n\n\n<!--more-->\n\n\n\n<p><strong>Situation grave que l\u2019on explique par la m\u00eame rh\u00e9torique<\/strong><\/p>\n\n\n\n<p>C\u2019est une erreur grave que de confondre les apparences avec les causes de l\u2019apparence. Apporter des solutions \u00e0 des aspects consiste \u00e0 se condamner \u00e0 les r\u00e9p\u00e9ter. \u00c0&nbsp;! Le plus important, ce sont toujours les origines des apparences. Je ne sais s\u2019il est possible en ce moment de proc\u00e9der \u00e0 ce travail fondamental.<\/p>\n\n\n\n<p>Parmi les excuses fallacieuses que l\u2019on oppose g\u00e9n\u00e9ralement aux situations extr\u00eames de barbarie, on peut citer au moins deux :<\/p>\n\n\n\n<p>\u2013 L\u2019ensauvagement de la soci\u00e9t\u00e9<\/p>\n\n\n\n<p>\u2013 La perte des r\u00e9f\u00e9rences et des rep\u00e8res<\/p>\n\n\n\n<p>J\u2019ai r\u00e9pondu \u00e0 l\u2019argumentation de l\u2019ensauvagement de la soci\u00e9t\u00e9 dans le pr\u00e9c\u00e9dent article. Qu\u2019en est-il, r\u00e9ellement, de la perte des rep\u00e8res&nbsp;? Tant que l\u2019on recourt \u00e0 ce genre de raisonnement, la situation ne peut qu\u2019empirer.<\/p>\n\n\n\n<p><strong>Cr\u00e9ation de nouveaux rep\u00e8res<\/strong><\/p>\n\n\n\n<p>Que ce soit dans mon essai, <a href=\"https:\/\/www.amazon.fr\/dp\/B0BZ75ZB7H\">transfiguration de l\u2019humain en Occident. La naissance de la monade<\/a>&nbsp;; que ce soit dans ma publication, <a href=\"https:\/\/www.amazon.fr\/dp\/B0CY5QD51M\">la fabrique du choc des civilisations et des opinions<\/a>&nbsp;; ou encore dans mon livre, <a href=\"https:\/\/www.amazon.fr\/dp\/B0D36HL97Z\">discours sur les influences et les manipulations en Occident,<\/a> j\u2019explique de fa\u00e7on didactique comment on arrive \u00e0 cr\u00e9er une condition humaine artificielle. Et factice&nbsp;!<\/p>\n\n\n\n<p>Progressivement, \u00e0 travers les d\u00e9cennies, l\u2019intelligentsia, par la tyrannie, par la Cancel culture a pulv\u00e9ris\u00e9 l\u2019essence fran\u00e7aise. Lorsqu\u2019un sapin de No\u00ebl, ou encore lorsqu\u2019une cr\u00e8che de la nativit\u00e9 deviennent des d\u00e9lits, l\u2019on arrive \u00e0 un point de non-retour avec soi-m\u00eame. Tout ce qui a \u00e9t\u00e9 construit par les anc\u00eatres, les traditions s\u00e9culaires, l\u2019histoire intime fran\u00e7aise, se trouvent transf\u00e9r\u00e9s dans les oubliettes. Souvent, dans les poubelles. Les responsables, une minorit\u00e9 dite intellectuelle qui transf\u00e8re ses obsessions et ses ranc\u0153urs vers ceux qui diff\u00e8rent de la vision qu\u2019ils imposent \u00e0 la soci\u00e9t\u00e9. Ils ont r\u00e9ussi, avec brio.<\/p>\n\n\n\n<p>Cette pathologie mentale qui affecte les intellectuels, je l\u2019ai appel\u00e9 <a href=\"https:\/\/www.amazon.fr\/dp\/B0CJ1V9MXZ\">Sycrobsper<\/a> ou Syndrome de Croyance Obsessionnel Persistant. Mon essai, <a href=\"https:\/\/www.amazon.fr\/dp\/B0CJ1V9MXZ\">le Sycrobsper et les intellectuels<\/a>, est disponible sur Amazon. C\u2019est la premi\u00e8re fois qu\u2019un citoyen, courageusement, d\u00e9crit les d\u00e9rives psychologiques des philosophes et des penseurs.<\/p>\n\n\n\n<p>Le lecteur qui voudrait conna\u00eetre les \u00e9tapes de cette m\u00e9tamorphose est invit\u00e9 \u00e0 prendre connaissance de mon essai, <a href=\"https:\/\/www.amazon.fr\/dp\/B0BZ75ZB7H\">transfiguration de l\u2019humain en Occident. La naissance de la monade<\/a>. J\u2019explique la mutation en Occident de mani\u00e8re claire et didactique.<\/p>\n\n\n\n<p><strong>Adaptation forc\u00e9e \u00e0 de nouveaux rep\u00e8res<\/strong><\/p>\n\n\n\n<p>Par l\u2019interm\u00e9diaire d\u2019une conversion soutenue de l\u2019humain ; par l\u2019usage syst\u00e9matique de la Cancel culture ; par la pens\u00e9e dirig\u00e9e, on assiste \u00e0 l\u2019\u00e9mergence d\u2019un humain nouveau. Il pr\u00e9sente les caract\u00e9ristiques suivantes :<\/p>\n\n\n\n<p>\u2013 Il n\u2019a besoin de rien d\u2019autre que de lui-m\u00eame<\/p>\n\n\n\n<p>\u2013 Il est cynique, mais le cynisme est per\u00e7u en tant que vertueux<\/p>\n\n\n\n<p>\u2013 La seule \u00e9vidence qu\u2019il puisse admettre est celle en conformit\u00e9 avec son angoisse et son anxi\u00e9t\u00e9.<\/p>\n\n\n\n<p>\u2013 Il est obstin\u00e9 \u00e0 tel point que son ent\u00eatement le m\u00e8ne \u00e0 r\u00e9futer syst\u00e9matiquement des r\u00e9alit\u00e9s<\/p>\n\n\n\n<p>L\u2019ultime corollaire de cette transfiguration consiste en la perte des attributs humains. L\u2019humain nouveau en Occident ne poss\u00e8de plus dans son univers cognitif le sens de la piti\u00e9, de la compassion, de la cl\u00e9mence.<\/p>\n\n\n\n<p>Le meurtre de cette jeune lyc\u00e9enne, l\u2019assassinat d\u2019un homme qui priait, repr\u00e9sentent un acte qui s\u2019inscrit dans la logique de cette transformation de l\u2019humain. Ce qui est pr\u00e9occupant est que, pour ce genre d\u2019individu, ces crimes constituent une vertu.<\/p>\n\n\n\n<p>Lorsque l\u2019on arrive \u00e0 cette condition, il est l\u2019heure de se remettre en question. Justement, c\u2019est cette m\u00eame transfiguration qui emp\u00eache que l\u2019on pose les vraies interrogations. Leur trouver des solutions rel\u00e8ve de l\u2019utopie.<\/p>\n\n\n\n<p><\/p>\n\n\n\n<div class=\"wp-block-media-text is-stacked-on-mobile\"><figure class=\"wp-block-media-text__media\"><a href=\"https:\/\/abdesselamboutique.com\/\" target=\"_blank\" rel=\" noreferrer noopener\"><img loading=\"lazy\" decoding=\"async\" width=\"800\" height=\"250\" src=\"https:\/\/abdesselambougedrawi.com\/wp-content\/uploads\/2025\/04\/ALLER-A-MA-BOUTOQUE-BLACK.jpg\" alt=\"\" class=\"wp-image-2159 size-full\" srcset=\"https:\/\/abdesselambougedrawi.com\/wp-content\/uploads\/2025\/04\/ALLER-A-MA-BOUTOQUE-BLACK.jpg 800w, https:\/\/abdesselambougedrawi.com\/wp-content\/uploads\/2025\/04\/ALLER-A-MA-BOUTOQUE-BLACK-300x94.jpg 300w, https:\/\/abdesselambougedrawi.com\/wp-content\/uploads\/2025\/04\/ALLER-A-MA-BOUTOQUE-BLACK-768x240.jpg 768w\" sizes=\"auto, (max-width: 800px) 100vw, 800px\" \/><\/a><\/figure><div class=\"wp-block-media-text__content\">\n<p><strong>Retrouvez mes derni\u00e8res publications au prix d\u00e9fiant toute concurrence de 0,99 \u20ac, avant leur publication sur Amazon. <\/strong><\/p>\n\n\n\n<p><strong>Payement s\u00e9curis\u00e9 <\/strong><\/p>\n\n\n\n<p><\/p>\n<\/div><\/div>\n\n\n\n<div class=\"wp-block-group is-nowrap is-layout-flex wp-container-core-group-is-layout-ad2f72ca wp-block-group-is-layout-flex\">\n<figure class=\"wp-block-embed is-type-rich is-provider-amazon wp-block-embed-amazon\"><div class=\"wp-block-embed__wrapper\">\n<iframe loading=\"lazy\" title=\"CANCEL ET CONTRE CANCEL CULTURE: Une m\u00e9chancet\u00e9 bienheureuse\" type=\"text\/html\" width=\"700\" height=\"550\" frameborder=\"0\" allowfullscreen style=\"max-width:100%\" src=\"https:\/\/lire.amazon.fr\/kp\/card?preview=inline&#038;linkCode=kpd&#038;ref_=k4w_oembed_HMNipQMX2Lhlqg&#038;asin=B0CTKWYH6S&#038;tag=kpembed-20\"><\/iframe>\n<\/div><\/figure>\n\n\n\n<figure class=\"wp-block-embed is-type-rich is-provider-amazon wp-block-embed-amazon\"><div class=\"wp-block-embed__wrapper\">\n<iframe loading=\"lazy\" title=\"FABRIQUE DU CHOC DES CIVILISATIONS ET DES OPINIONS (LA LIBERT\u00c9 DE PENSER AUTREMENT t. 9)\" type=\"text\/html\" width=\"700\" height=\"550\" frameborder=\"0\" allowfullscreen style=\"max-width:100%\" src=\"https:\/\/lire.amazon.fr\/kp\/card?preview=inline&#038;linkCode=kpd&#038;ref_=k4w_oembed_d8nj11TqRZiuuU&#038;asin=B0CY5QD51M&#038;tag=kpembed-20\"><\/iframe>\n<\/div><\/figure>\n\n\n\n<figure class=\"wp-block-embed is-type-rich is-provider-amazon wp-block-embed-amazon\"><div class=\"wp-block-embed__wrapper\">\n<iframe loading=\"lazy\" title=\"LE SYCROBSPER ET LES INTELLECTUELS\" type=\"text\/html\" width=\"700\" height=\"550\" frameborder=\"0\" allowfullscreen style=\"max-width:100%\" src=\"https:\/\/lire.amazon.fr\/kp\/card?preview=inline&#038;linkCode=kpd&#038;ref_=k4w_oembed_2WJLv5q8aMYAf8&#038;asin=B0CJ1V9MXZ&#038;tag=kpembed-20\"><\/iframe>\n<\/div><\/figure>\n<\/div>\n\n\n\n<p>#ensauvagement #soci\u00e9t\u00e9 #Aboubakar#MichelOnfray #MichelHouellebecq #AlainFinkielkraut #abdesselambougedrawi #culture #\u00c9crivain #Maroc #\u00e9crivainsmarocains #isllam<\/p>\n","protected":false},"excerpt":{"rendered":"<p>Je rappelle au lecteur que, au-del\u00e0 de la trag\u00e9die de Nantes qui conduisit au d\u00e9c\u00e8s d\u2019une lyc\u00e9enne innocente, je propose de rassembler l\u2019ensemble des \u00e9l\u00e9ments, anciens ou r\u00e9cents, qui conduisirent&hellip; <\/p>\n","protected":false},"author":1,"featured_media":0,"comment_status":"closed","ping_status":"open","sticky":false,"template":"","format":"standard","meta":{"_jetpack_memberships_contains_paid_content":false,"footnotes":""},"categories":[1],"tags":[50,546,204,7,614],"class_list":["post-2239","post","type-post","status-publish","format-standard","hentry","category-blog","tag-cancel-culture","tag-choc-des-civilisations","tag-choc-des-cultures","tag-culture","tag-tyrannie-intellectuelle"],"jetpack_featured_media_url":"","jetpack_sharing_enabled":true,"_links":{"self":[{"href":"https:\/\/abdesselambougedrawi.com\/index.php\/wp-json\/wp\/v2\/posts\/2239","targetHints":{"allow":["GET"]}}],"collection":[{"href":"https:\/\/abdesselambougedrawi.com\/index.php\/wp-json\/wp\/v2\/posts"}],"about":[{"href":"https:\/\/abdesselambougedrawi.com\/index.php\/wp-json\/wp\/v2\/types\/post"}],"author":[{"embeddable":true,"href":"https:\/\/abdesselambougedrawi.com\/index.php\/wp-json\/wp\/v2\/users\/1"}],"replies":[{"embeddable":true,"href":"https:\/\/abdesselambougedrawi.com\/index.php\/wp-json\/wp\/v2\/comments?post=2239"}],"version-history":[{"count":1,"href":"https:\/\/abdesselambougedrawi.com\/index.php\/wp-json\/wp\/v2\/posts\/2239\/revisions"}],"predecessor-version":[{"id":2241,"href":"https:\/\/abdesselambougedrawi.com\/index.php\/wp-json\/wp\/v2\/posts\/2239\/revisions\/2241"}],"wp:attachment":[{"href":"https:\/\/abdesselambougedrawi.com\/index.php\/wp-json\/wp\/v2\/media?parent=2239"}],"wp:term":[{"taxonomy":"category","embeddable":true,"href":"https:\/\/abdesselambougedrawi.com\/index.php\/wp-json\/wp\/v2\/categories?post=2239"},{"taxonomy":"post_tag","embeddable":true,"href":"https:\/\/abdesselambougedrawi.com\/index.php\/wp-json\/wp\/v2\/tags?post=2239"}],"curies":[{"name":"wp","href":"https:\/\/api.w.org\/{rel}","templated":true}]}}