{"id":2267,"date":"2025-05-27T12:13:23","date_gmt":"2025-05-27T10:13:23","guid":{"rendered":"https:\/\/abdesselambougedrawi.com\/?p=2267"},"modified":"2025-05-27T12:13:24","modified_gmt":"2025-05-27T10:13:24","slug":"ideologie-de-la-soumission-et-de-la-servilite-face-aux-crises","status":"publish","type":"post","link":"https:\/\/abdesselambougedrawi.com\/index.php\/2025\/05\/27\/ideologie-de-la-soumission-et-de-la-servilite-face-aux-crises\/","title":{"rendered":"ID\u00c9OLOGIE DE LA SOUMISSION ET DE LA SERVILIT\u00c9 FACE AUX CRISES"},"content":{"rendered":"\n<figure class=\"wp-block-image size-large\"><img loading=\"lazy\" decoding=\"async\" width=\"1024\" height=\"576\" src=\"https:\/\/abdesselambougedrawi.com\/wp-content\/uploads\/2025\/05\/IDEOLOGIE-DE-LA-SOUMISSION-ET-DE-LA-SERVILITE-FACE-AUX-CRISES-1024x576.jpg\" alt=\"\" class=\"wp-image-2268\" srcset=\"https:\/\/abdesselambougedrawi.com\/wp-content\/uploads\/2025\/05\/IDEOLOGIE-DE-LA-SOUMISSION-ET-DE-LA-SERVILITE-FACE-AUX-CRISES-1024x576.jpg 1024w, https:\/\/abdesselambougedrawi.com\/wp-content\/uploads\/2025\/05\/IDEOLOGIE-DE-LA-SOUMISSION-ET-DE-LA-SERVILITE-FACE-AUX-CRISES-300x169.jpg 300w, https:\/\/abdesselambougedrawi.com\/wp-content\/uploads\/2025\/05\/IDEOLOGIE-DE-LA-SOUMISSION-ET-DE-LA-SERVILITE-FACE-AUX-CRISES-768x432.jpg 768w, https:\/\/abdesselambougedrawi.com\/wp-content\/uploads\/2025\/05\/IDEOLOGIE-DE-LA-SOUMISSION-ET-DE-LA-SERVILITE-FACE-AUX-CRISES.jpg 1280w\" sizes=\"auto, (max-width: 1024px) 100vw, 1024px\" \/><\/figure>\n\n\n\n<h2 class=\"wp-block-heading\">Servilit\u00e9 face aux conflits<\/h2>\n\n\n\n<p class=\"has-background\" style=\"background-color:#ecd0d0\"><strong>L\u2019une des caract\u00e9ristiques surprenantes en Occident concerne le comportement face aux crises majeures. Que ce soit la guerre, que ce soit un effondrement \u00e9conomique, que ce soit encore une faillite sociale, il existe toujours une solution efficace, simple et facile \u00e0 mettre en \u0153uvre. Cependant, on ne recourt jamais \u00e0 cette solution. On lui pr\u00e9f\u00e8re le d\u00e9labrement par la guerre, par la crise \u00e9conomique, ou encore par les affrontements sociaux.<\/strong><\/p>\n\n\n\n<!--more-->\n\n\n\n<p><\/p>\n\n\n\n<div class=\"wp-block-media-text is-stacked-on-mobile\"><figure class=\"wp-block-media-text__media\"><a href=\"https:\/\/abdesselamboutique.com\/\" target=\"_blank\" rel=\" noreferrer noopener\"><img loading=\"lazy\" decoding=\"async\" width=\"800\" height=\"250\" src=\"https:\/\/abdesselambougedrawi.com\/wp-content\/uploads\/2025\/04\/ALLER-A-MA-BOUTOQUE-BLACK.jpg\" alt=\"\" class=\"wp-image-2159 size-full\" srcset=\"https:\/\/abdesselambougedrawi.com\/wp-content\/uploads\/2025\/04\/ALLER-A-MA-BOUTOQUE-BLACK.jpg 800w, https:\/\/abdesselambougedrawi.com\/wp-content\/uploads\/2025\/04\/ALLER-A-MA-BOUTOQUE-BLACK-300x94.jpg 300w, https:\/\/abdesselambougedrawi.com\/wp-content\/uploads\/2025\/04\/ALLER-A-MA-BOUTOQUE-BLACK-768x240.jpg 768w\" sizes=\"auto, (max-width: 800px) 100vw, 800px\" \/><\/a><\/figure><div class=\"wp-block-media-text__content\">\n<p><strong>Retrouvez mes derni\u00e8res publications au prix d\u00e9fiant toute concurrence de 0,99 \u20ac, avant leur publication sur Amazon. <\/strong><\/p>\n\n\n\n<p><strong>Payement s\u00e9curis\u00e9 <\/strong><\/p>\n\n\n\n<p><\/p>\n<\/div><\/div>\n\n\n\n<p>Cette impuissance \u00e0 r\u00e9soudre les conflits provient, g\u00e9n\u00e9ralement, d\u2019une soumission intellectuelle \u00e0 des id\u00e9ologies mises en place auparavant. Et auxquelles on se soumet.<\/p>\n\n\n\n<h2 class=\"wp-block-heading\">La crise de 1929 aux USA, un frappant exemple<\/h2>\n\n\n\n<p>La crise de 1929 a \u00e9t\u00e9 bien document\u00e9e. Il existe une multitude de documents, d\u2019images, d\u2019\u00e9crits, de films, de commentaires, de t\u00e9moignages sur ce th\u00e8me. Parmi les sc\u00e8nes les plus frappantes, celles des interminables files pour acqu\u00e9rir un morceau de pain et une tasse de caf\u00e9 \u00e0 bas prix. On appelait cela, bread line. Lignes de pain.<\/p>\n\n\n\n<p>Cette crise tragique eut des effets d\u00e9l\u00e9t\u00e8res dont on pourrait citer la r\u00e9cession en Allemagne qui conduisit, certainement, \u00e0 la Seconde Guerre.<\/p>\n\n\n\n<h2 class=\"wp-block-heading\">Pourtant, tout cela aurait pu \u00eatre \u00e9vit\u00e9<\/h2>\n\n\n\n<p>Lorsque surviennent des crises, globalement, presque toujours, on peut y mettre fin par la solidarit\u00e9 entre les humains. Les plus nantis partagent ce qu\u2019ils poss\u00e8dent avec les plus d\u00e9munis. Cette solidarit\u00e9, m\u00eame si elle est temporaire, permet de traverser un cap difficile en attendant que la crise se r\u00e9solve ou bien qu\u2019on lui trouve une solution.<\/p>\n\n\n\n<p>Concernant la crise de 1929, la solidarit\u00e9 ne fut jamais mise en \u0153uvre. La raison de cet \u00e9chec s\u2019explique par l\u2019id\u00e9ologie anticommuniste et antisocialiste profond\u00e9ment ancr\u00e9e dans les mentalit\u00e9s des Am\u00e9ricains. L\u2019emprise sur les esprits des Am\u00e9ricains fut telle que la moindre vell\u00e9it\u00e9 d\u2019entraide passerait pour du socialisme encore du communisme. On pr\u00e9f\u00e9rera la destruction.<\/p>\n\n\n\n<h2 class=\"wp-block-heading\">Des erreurs id\u00e9ologiques qui se r\u00e9p\u00e8tent<\/h2>\n\n\n\n<p>En ce moment, essentiellement en France, une crise profonde se pr\u00e9pare. En fait, elle s\u2019est d\u00e9j\u00e0 mise en place. Cette crise, si l\u2019on ne fait rien pour la stopper, pourrait conduire au black-out tant \u00e9conomique que social.<\/p>\n\n\n\n<p>Ici encore, la solution passe par une solidarit\u00e9 entre les communaut\u00e9s existantes en France. Mais, par un partenariat d\u2019\u00e9gal \u00e0 \u00e9gal entre Europ\u00e9ens et Africains. Cependant, l\u2019esprit postcolonial et raciste associ\u00e9 \u00e0 un profond m\u00e9pris d\u2019une population maghr\u00e9bine m\u00e9ritante et travailleuse fera que l\u2019on pr\u00e9f\u00e9rerait se saborder plut\u00f4t que de consid\u00e9rer les Africains, particuli\u00e8rement les Maghr\u00e9bins, en tant qu\u2019\u00e9gaux des Europ\u00e9ens. On fera, largement, le choix de la faillite.<\/p>\n\n\n\n<p>D\u2019une certaine mani\u00e8re l\u2019Espagne a bien compris le d\u00e9fi. Si l\u2019on vante sa r\u00e9ussite \u00e9conomique, elle la doit, uniquement, \u00e0 son partenariat avec un peuple exemplaire, les Marocains.<\/p>\n\n\n\n<p><\/p>\n\n\n\n<figure class=\"wp-block-embed is-type-rich is-provider-amazon wp-block-embed-amazon\"><div class=\"wp-block-embed__wrapper\">\n<iframe loading=\"lazy\" title=\"2024, BIG ONFRAY IS WATCHING YOU\" type=\"text\/html\" width=\"700\" height=\"550\" frameborder=\"0\" allowfullscreen style=\"max-width:100%\" src=\"https:\/\/lire.amazon.fr\/kp\/card?preview=inline&#038;linkCode=kpd&#038;ref_=k4w_oembed_HEv36BITiybosh&#038;asin=B0CW1FTQXG&#038;tag=kpembed-20\"><\/iframe>\n<\/div><\/figure>\n\n\n\n<p><\/p>\n\n\n\n<div class=\"wp-block-group is-nowrap is-layout-flex wp-container-core-group-is-layout-ad2f72ca wp-block-group-is-layout-flex\">\n<figure class=\"wp-block-embed is-type-rich is-provider-amazon wp-block-embed-amazon\"><div class=\"wp-block-embed__wrapper\">\n<iframe loading=\"lazy\" title=\"FABRIQUE DU CHOC DES CIVILISATIONS ET DES OPINIONS (LA LIBERT\u00c9 DE PENSER AUTREMENT t. 9)\" type=\"text\/html\" width=\"700\" height=\"550\" frameborder=\"0\" allowfullscreen style=\"max-width:100%\" src=\"https:\/\/lire.amazon.fr\/kp\/card?preview=inline&#038;linkCode=kpd&#038;ref_=k4w_oembed_CERUMBcMP2gbWu&#038;asin=B0CY5QD51M&#038;tag=kpembed-20\"><\/iframe>\n<\/div><\/figure>\n\n\n\n<figure class=\"wp-block-embed is-type-rich is-provider-amazon wp-block-embed-amazon\"><div class=\"wp-block-embed__wrapper\">\n<iframe loading=\"lazy\" title=\"LA FIN DE L\u2019HISTOIRE N\u2019AURA PAS LIEU (LA LIBERT\u00c9 DE PENSER AUTREMENT t. 2)\" type=\"text\/html\" width=\"700\" height=\"550\" frameborder=\"0\" allowfullscreen style=\"max-width:100%\" src=\"https:\/\/lire.amazon.fr\/kp\/card?preview=inline&#038;linkCode=kpd&#038;ref_=k4w_oembed_aAJvr7vcQFi5wT&#038;asin=B09ZBGR392&#038;tag=kpembed-20\"><\/iframe>\n<\/div><\/figure>\n\n\n\n<figure class=\"wp-block-embed is-type-rich is-provider-amazon wp-block-embed-amazon\"><div class=\"wp-block-embed__wrapper\">\n<iframe loading=\"lazy\" title=\"LE SYCROBSPER ET LES INTELLECTUELS\" type=\"text\/html\" width=\"700\" height=\"550\" frameborder=\"0\" allowfullscreen style=\"max-width:100%\" src=\"https:\/\/lire.amazon.fr\/kp\/card?preview=inline&#038;linkCode=kpd&#038;ref_=k4w_oembed_b62qGkT2Wnj7mc&#038;asin=B0CJ1V9MXZ&#038;tag=kpembed-20\"><\/iframe>\n<\/div><\/figure>\n<\/div>\n\n\n\n<p><\/p>\n\n\n\n<p><\/p>\n\n\n\n<div class=\"wp-block-media-text is-stacked-on-mobile\"><figure class=\"wp-block-media-text__media\"><a href=\"https:\/\/abdesselamboutique.com\/\" target=\"_blank\" rel=\" noreferrer noopener\"><img loading=\"lazy\" decoding=\"async\" width=\"800\" height=\"250\" src=\"https:\/\/abdesselambougedrawi.com\/wp-content\/uploads\/2025\/04\/ALLER-A-MA-BOUTOQUE-BLACK.jpg\" alt=\"\" class=\"wp-image-2159 size-full\" srcset=\"https:\/\/abdesselambougedrawi.com\/wp-content\/uploads\/2025\/04\/ALLER-A-MA-BOUTOQUE-BLACK.jpg 800w, https:\/\/abdesselambougedrawi.com\/wp-content\/uploads\/2025\/04\/ALLER-A-MA-BOUTOQUE-BLACK-300x94.jpg 300w, https:\/\/abdesselambougedrawi.com\/wp-content\/uploads\/2025\/04\/ALLER-A-MA-BOUTOQUE-BLACK-768x240.jpg 768w\" sizes=\"auto, (max-width: 800px) 100vw, 800px\" \/><\/a><\/figure><div class=\"wp-block-media-text__content\">\n<p><strong>Retrouvez mes derni\u00e8res publications au prix d\u00e9fiant toute concurrence de 0,99 \u20ac, avant leur publication sur Amazon. <\/strong><\/p>\n\n\n\n<p><strong>Payement s\u00e9curis\u00e9 <\/strong><\/p>\n\n\n\n<p><\/p>\n<\/div><\/div>\n\n\n\n<p>#Crise\u00e9conomique #1929 #blackOut #colonialisme #Maroc #maghr\u00e9bins #id\u00e9ologie #espritcolonialiste #abdesselambougedrawi #culture #\u00c9crivain #Maroc #\u00e9crivainsmarocains #safi #Saficulture #villedesafi<\/p>\n","protected":false},"excerpt":{"rendered":"<p>Servilit\u00e9 face aux conflits L\u2019une des caract\u00e9ristiques surprenantes en Occident concerne le comportement face aux crises majeures. Que ce soit la guerre, que ce soit un effondrement \u00e9conomique, que ce&hellip; <\/p>\n","protected":false},"author":1,"featured_media":0,"comment_status":"closed","ping_status":"open","sticky":false,"template":"","format":"standard","meta":{"_jetpack_memberships_contains_paid_content":false,"footnotes":""},"categories":[23,700],"tags":[695,6,696,694,642,7,698,699,697,141,510,614],"class_list":["post-2267","post","type-post","status-publish","format-standard","hentry","category-societe","category-soumission","tag-695","tag-abdesselam-bougedrawi","tag-bloquante","tag-colonialisme","tag-crise-economique-2","tag-culture","tag-esprit-colonialiste","tag-etiologie","tag-maghrebin","tag-maroc","tag-societe","tag-tyrannie-intellectuelle"],"jetpack_featured_media_url":"","jetpack_sharing_enabled":true,"_links":{"self":[{"href":"https:\/\/abdesselambougedrawi.com\/index.php\/wp-json\/wp\/v2\/posts\/2267","targetHints":{"allow":["GET"]}}],"collection":[{"href":"https:\/\/abdesselambougedrawi.com\/index.php\/wp-json\/wp\/v2\/posts"}],"about":[{"href":"https:\/\/abdesselambougedrawi.com\/index.php\/wp-json\/wp\/v2\/types\/post"}],"author":[{"embeddable":true,"href":"https:\/\/abdesselambougedrawi.com\/index.php\/wp-json\/wp\/v2\/users\/1"}],"replies":[{"embeddable":true,"href":"https:\/\/abdesselambougedrawi.com\/index.php\/wp-json\/wp\/v2\/comments?post=2267"}],"version-history":[{"count":2,"href":"https:\/\/abdesselambougedrawi.com\/index.php\/wp-json\/wp\/v2\/posts\/2267\/revisions"}],"predecessor-version":[{"id":2277,"href":"https:\/\/abdesselambougedrawi.com\/index.php\/wp-json\/wp\/v2\/posts\/2267\/revisions\/2277"}],"wp:attachment":[{"href":"https:\/\/abdesselambougedrawi.com\/index.php\/wp-json\/wp\/v2\/media?parent=2267"}],"wp:term":[{"taxonomy":"category","embeddable":true,"href":"https:\/\/abdesselambougedrawi.com\/index.php\/wp-json\/wp\/v2\/categories?post=2267"},{"taxonomy":"post_tag","embeddable":true,"href":"https:\/\/abdesselambougedrawi.com\/index.php\/wp-json\/wp\/v2\/tags?post=2267"}],"curies":[{"name":"wp","href":"https:\/\/api.w.org\/{rel}","templated":true}]}}