{"id":2287,"date":"2025-06-08T12:36:31","date_gmt":"2025-06-08T10:36:31","guid":{"rendered":"https:\/\/abdesselambougedrawi.com\/?p=2287"},"modified":"2025-06-08T12:38:46","modified_gmt":"2025-06-08T10:38:46","slug":"france-point-de-non-retour-vers-une-crise-economique-et-sociopolitique","status":"publish","type":"post","link":"https:\/\/abdesselambougedrawi.com\/index.php\/2025\/06\/08\/france-point-de-non-retour-vers-une-crise-economique-et-sociopolitique\/","title":{"rendered":"FRANCE, POINT DE NON-RETOUR VERS UNE CRISE \u00c9CONOMIQUE ET SOCIOPOLITIQUE"},"content":{"rendered":"\n<figure class=\"wp-block-image size-large\"><img loading=\"lazy\" decoding=\"async\" width=\"1024\" height=\"576\" src=\"https:\/\/abdesselambougedrawi.com\/wp-content\/uploads\/2025\/06\/FRANCE-POINT-DE-NON-RETOUR-CRISE-1024x576.jpg\" alt=\"\" class=\"wp-image-2288\" srcset=\"https:\/\/abdesselambougedrawi.com\/wp-content\/uploads\/2025\/06\/FRANCE-POINT-DE-NON-RETOUR-CRISE-1024x576.jpg 1024w, https:\/\/abdesselambougedrawi.com\/wp-content\/uploads\/2025\/06\/FRANCE-POINT-DE-NON-RETOUR-CRISE-300x169.jpg 300w, https:\/\/abdesselambougedrawi.com\/wp-content\/uploads\/2025\/06\/FRANCE-POINT-DE-NON-RETOUR-CRISE-768x432.jpg 768w, https:\/\/abdesselambougedrawi.com\/wp-content\/uploads\/2025\/06\/FRANCE-POINT-DE-NON-RETOUR-CRISE.jpg 1280w\" sizes=\"auto, (max-width: 1024px) 100vw, 1024px\" \/><\/figure>\n\n\n\n<p class=\"has-kubio-color-4-background-color has-background\"><strong>\u00c0 travers mes articles et mes publications, je vous propose de mani\u00e8re claire et didactique, des \u00e9claircissements pertinents sur les grands d\u00e9fis de notre \u00e9poque. Aujourd&rsquo;hui, je vous explique pourquoi la crise qui s\u2019installe en France et en Europe est, non seulement in\u00e9vitable, mais on ne saurait lui trouver une solution. Retrouvez l\u2019ensemble de mes publications sur Amazon.<\/strong><\/p>\n\n\n\n<!--more-->\n\n\n\n<p><\/p>\n\n\n\n<div class=\"wp-block-media-text is-stacked-on-mobile\"><figure class=\"wp-block-media-text__media\"><a href=\"https:\/\/abdesselamboutique.com\/\" target=\"_blank\" rel=\" noreferrer noopener\"><img loading=\"lazy\" decoding=\"async\" width=\"800\" height=\"250\" src=\"https:\/\/abdesselambougedrawi.com\/wp-content\/uploads\/2025\/04\/ALLER-A-MA-BOUTOQUE-BLACK.jpg\" alt=\"\" class=\"wp-image-2159 size-full\" srcset=\"https:\/\/abdesselambougedrawi.com\/wp-content\/uploads\/2025\/04\/ALLER-A-MA-BOUTOQUE-BLACK.jpg 800w, https:\/\/abdesselambougedrawi.com\/wp-content\/uploads\/2025\/04\/ALLER-A-MA-BOUTOQUE-BLACK-300x94.jpg 300w, https:\/\/abdesselambougedrawi.com\/wp-content\/uploads\/2025\/04\/ALLER-A-MA-BOUTOQUE-BLACK-768x240.jpg 768w\" sizes=\"auto, (max-width: 800px) 100vw, 800px\" \/><\/a><\/figure><div class=\"wp-block-media-text__content\">\n<p><strong>Retrouvez mes derni\u00e8res publications au prix d\u00e9fiant toute concurrence de 0,99 \u20ac, avant leur publication sur Amazon. <\/strong><\/p>\n\n\n\n<p><strong>Payement s\u00e9curis\u00e9 <\/strong><\/p>\n\n\n\n<p><\/p>\n<\/div><\/div>\n\n\n\n<p><\/p>\n\n\n\n<h2 class=\"wp-block-heading\">Point de non-retour<\/h2>\n\n\n\n<p>L\u2019Union europ\u00e9enne, particuli\u00e8rement la France, se dirige vers une crise tant \u00e9conomique que sociopolitique. La caract\u00e9ristique remarquable de cette crise demeure dans l\u2019impossibilit\u00e9 de la contraindre. Tous les efforts auxquels on pourrait consentir pour la juguler ne serviraient \u00e0 rien. Les jeux sont faits. On arrive au point de non-retour dans lequel, quoi que l\u2019on fasse, quoi que l\u2019on veuille faire, quoi que l\u2019on puisse faire, ne changerait en rien \u00e0 la survenue de cet effondrement.<\/p>\n\n\n\n<h1 class=\"wp-block-heading\"><a>Un manque de vision sur le long terme<\/a><\/h1>\n\n\n\n<p>Apr\u00e8s la cr\u00e9ation de l\u2019Union europ\u00e9enne, la vision des intellectuels, des hommes et des femmes de la politique fut la suivante, <em>l\u2019Europe, ensuite le reste du monde<\/em>. Par extension, la civilisation occidentale par sa supr\u00e9matie domine le reste de l\u2019humanit\u00e9. \u00c0 aucun moment, on ne consid\u00e9rait la possibilit\u00e9 d\u2019un changement radical du monde.<\/p>\n\n\n\n<p>Aveugl\u00e9 par sa vanit\u00e9, l\u2019\u00e9lite dominante se voyait encore en tant que pays colonisateur pour qui il suffisait de vouloir pour obtenir. Comme \u00e0 l\u2019\u00e9poque des colonies, en cas de crise, il suffisait de puiser dans les richesses et dans la force de travail des pays occup\u00e9s.<\/p>\n\n\n\n<p>L\u2019id\u00e9e m\u00eame que les anciennes colonies puissent s\u2019\u00e9manciper de la France, entre autres, ne les affleure m\u00eame pas. On continue de m\u00e9priser ces pays qui font de tout leur effort pour s\u2019en sortir du d\u00e9labrement caus\u00e9 par la colonie. Si l\u2019Europe m\u00e9prise ses anciennes colonies, c\u2019est parce qu\u2019elle consid\u00e8re que leurs populations sont inf\u00e9rieures.<\/p>\n\n\n\n<h2 class=\"wp-block-heading\">Une condition socio-\u00e9conomique et militaire in\u00e9dite<\/h2>\n\n\n\n<p>Des d\u00e9cennies durant, une partie du monde fut, sch\u00e9matiquement, divis\u00e9 entre anglais et fran\u00e7ais. Les Anglais se ravitaillaient dans leur ancien Commonwealth, les Fran\u00e7ais dans les pays de l\u2019Afrique. Lorsqu\u2019un pays d\u00e9fiait l\u2019une de ces deux puissances on lui d\u00e9clarait la guerre. L\u2019exemple historique le plus frappant demeure celui de la guerre de l\u2019opium. La Chine, parce qu\u2019elle refusa la commercialisation de l\u2019opium anglais dans son territoire, fut attaqu\u00e9e et vaincue par les Britanniques. Actuellement, pareille attaque est impensable. La Chine est puissante, l\u2019Inde aussi.<\/p>\n\n\n\n<p>Les pays du Maghreb, depuis leur ind\u00e9pendance ont largement \u00e9volu\u00e9, ils n\u2019ont plus besoin ni de la France ni de l\u2019Europe. Pareillement pour d\u2019autres pays africains.<\/p>\n\n\n\n<p>Jusqu\u2019\u00e0 il y a quelques d\u00e9cennies, le monde \u00e9tait bipolaire. D\u2019un c\u00f4t\u00e9, le bloc capitaliste, en face de lui, celui communiste. Il \u00e9tait simple de se ranger d\u2019un c\u00f4t\u00e9 ou d\u2019un autre.<\/p>\n\n\n\n<p>On assiste en ce moment \u00e0 un bouleversement qui se produit pour la premi\u00e8re fois depuis des si\u00e8cles. Le nombre de pays puissants augmente pratiquement de mani\u00e8re exponentielle. Puissance \u00e9conomique, puissance culturelle, mais pareillement puissance nucl\u00e9aire. Dans les ann\u00e9es 60, ils ne furent que trois \u00e0 poss\u00e9der la bombe nucl\u00e9aire, en ce moment ils sont neufs.<\/p>\n\n\n\n<p>Ce qui est inqui\u00e9tant est que l\u2019Europe dans son ensemble est aveugle \u00e0 ce changement. Elle continue de se comporter comme si elle pouvait donner des ordres aux pays du Maghreb, \u00e0 ceux de l\u2019Afrique en g\u00e9n\u00e9ral.<\/p>\n\n\n\n<h2 class=\"wp-block-heading\">Une destruction de la solidarit\u00e9 entre citoyens<\/h2>\n\n\n\n<p>G\u00e9n\u00e9ralement, dans les pays o\u00f9 il existe traditions et solidarit\u00e9 humaine, les crises ont peu d\u2019impact. Ceci s\u2019explique par le fait que, dans l\u2019adversit\u00e9, les peuples, comme on le dit, se serrent les coudes. En France, comme je le d\u00e9cris dans mon livre, <a href=\"https:\/\/www.amazon.fr\/dp\/B0BZ75ZB7H\">transfiguration de l\u2019humain en Occident. La naissance la monade<\/a>, la solidarit\u00e9 entre humains a \u00e9t\u00e9 d\u00e9truite volontairement par l\u2019intelligentsia. Que ce soient les f\u00e9ministes, que ce soient les socialistes, que ce soient encore les philosophes et les penseurs, tous ont contribu\u00e9 \u00e0 la d\u00e9sint\u00e9gration de l\u2019esprit de la famille, de l\u2019esprit des traditions, des rapports entre hommes et femmes, des rapports entre parents et enfants. D\u2019une mani\u00e8re g\u00e9n\u00e9rale, l\u2019\u00c9tat se substitue par quelques aides \u00e0 cette solidarit\u00e9 naturelle. Lorsque survient une difficult\u00e9, lorsque l\u2019\u00c9tat est d\u00e9faillant, la crise ne peut qu\u2019\u00eatre que d\u00e9vastatrice chez une nation d\u00e9sunie.<\/p>\n\n\n\n<h2 class=\"wp-block-heading\">R\u00f4le de la Cancel culture et de la contre Cancel culture<\/h2>\n\n\n\n<p>Que ce soit la Cancel culture, ou encore sa contrepartie la contre Cancel culture, elles ont contribu\u00e9 \u00e0 la cr\u00e9ation d\u2019une atmosph\u00e8re de peur de l\u2019effacement. Qu\u2019une personne exprime une opinion diff\u00e9rente de celle admise g\u00e9n\u00e9ralement, la voici an\u00e9antie. On l\u2019isole, on refuse de l\u2019\u00e9couter, on lui interdit les m\u00e9dias. On arrive \u00e0 cette particularit\u00e9, bien qu\u2019elle soit garantie, la libert\u00e9 d\u2019expression se trouve \u00e9touff\u00e9e. Non pas par les gouvernements, mais par des citoyens eux-m\u00eames.<\/p>\n\n\n\n<p>La Cancel culture, la contre Cancel culture, constituent un \u00e9l\u00e9ment important de la survenue de la crise prochaine. Pour bien conna\u00eetre ce ph\u00e9nom\u00e8ne, je vous invite \u00e0 lire mon essai, <a href=\"https:\/\/www.amazon.fr\/dp\/B0CTKWYH6S\">Cancel et contre Cancel culture, une m\u00e9chancet\u00e9 bienheureuse<\/a>.<\/p>\n\n\n\n<h2 class=\"wp-block-heading\">La mont\u00e9e des nationalismes<\/h2>\n\n\n\n<p>On e\u00fbt dit que l\u2019Europe, particuli\u00e8rement la France, ne tire aucune le\u00e7on de son pass\u00e9. Les m\u00eames d\u00e9mons qui caus\u00e8rent la premi\u00e8re et la seconde gu\u00e8re mondiale se mettent en place. Je voudrais rappeler qu\u2019au d\u00e9but du XXe si\u00e8cle la France traversait une p\u00e9riode heureuse que l\u2019on appelait, la Belle \u00c9poque. Pourtant, rien n\u2019emp\u00eacha la survenue d\u2019une guerre en 1914. La particularit\u00e9 essentielle du nationalisme europ\u00e9en est qu\u2019il rend aveugle. Ce n\u2019est plus la r\u00e9alit\u00e9 et la raison qui commandent, mais bien une passion destructrice. Comme en 1914.<\/p>\n\n\n\n<h2 class=\"wp-block-heading\">Un climat d\u2019incertitude<\/h2>\n\n\n\n<p>Durant les ann\u00e9es glorieuses, et m\u00eame apr\u00e8s, les citoyens fran\u00e7ais poss\u00e9daient une confiance en leurs dirigeants. Et en les possibilit\u00e9s de leur nation. Ce sentiment \u00e9tait exacerb\u00e9 par le fameux discours \u00e0 l\u2019ONU de Dominique de Villepin.<\/p>\n\n\n\n<p>En ce moment, dans un monde fluctuant, dans un monde compl\u00e8tement chang\u00e9, les incertitudes s\u2019installent progressivement. L\u2019espoir que la situation change s\u2019amoindrit. Malgr\u00e9 les discours flatteurs de partis radicalis\u00e9s, il n\u2019y a aucune chance pour que la promesse d\u2019une am\u00e9lioration survienne. Lorsque, au niveau de la nation, l\u2019on arrive \u00e0 ce sentiment, il est temps de s\u2019interroger sur ses erreurs. \u00c9tant capable de le faire ?<\/p>\n\n\n\n<h2 class=\"wp-block-heading\">Corollaire<\/h2>\n\n\n\n<p>\u00c0 travers cet article je ne peux que vous fournir un aper\u00e7u sur une crise qui se met en place et contre laquelle il n\u2019y a plus de possibilit\u00e9s. La ligne rouge a \u00e9t\u00e9 largement franchie. Les perspectives de l\u2019UE pour freiner, ou encore pour trouver une solution \u00e0 cette crise, sont nulles. Il eut fallu prendre des d\u00e9cisions il y a 20 ans.<\/p>\n\n\n\n<p>En ce moment, l\u2019Union europ\u00e9enne subit les cons\u00e9quences d\u2019un aveuglement induit par Jean-Marie Le Pen, le Front National, la croyance en un choc des civilisations, la Cancel culture. Les mesures que l\u2019on entreprendrait n\u2019auront d\u2019objectifs que de stabiliser la situation pour quelques mois, en fait pour quelques semaines. Allongement de l\u2019\u00e2ge de d\u00e9part en retraite, diminution des prestations sociales, r\u00e9duction du temps de ch\u00f4mage etc. L\u2019ensemble de ces palliatifs n\u2019aura pour cons\u00e9quence que l\u2019appauvrissement d\u2019une population qui souffre d\u00e9j\u00e0. La crise s\u2019accompagne d\u2019une paup\u00e9risation. Je d\u00e9cris cela de fa\u00e7on pr\u00e9cise dans mon essai, <a href=\"https:\/\/www.amazon.fr\/dp\/B0CZPMP7GW\">d\u00e9sagr\u00e9gation, paup\u00e9risation de l\u2019union europ\u00e9enne. Retour des nationalismes<\/a>. <\/p>\n\n\n\n<div class=\"wp-block-group is-nowrap is-layout-flex wp-container-core-group-is-layout-ad2f72ca wp-block-group-is-layout-flex\">\n<figure class=\"wp-block-embed is-type-rich is-provider-amazon wp-block-embed-amazon\"><div class=\"wp-block-embed__wrapper\">\n<iframe loading=\"lazy\" title=\"CANCEL ET CONTRE CANCEL CULTURE: Une m\u00e9chancet\u00e9 bienheureuse\" type=\"text\/html\" width=\"700\" height=\"550\" frameborder=\"0\" allowfullscreen style=\"max-width:100%\" src=\"https:\/\/lire.amazon.fr\/kp\/card?preview=inline&#038;linkCode=kpd&#038;ref_=k4w_oembed_s0EQhfkRpBc0EF&#038;asin=B0CTKWYH6S&#038;tag=kpembed-20\"><\/iframe>\n<\/div><\/figure>\n\n\n\n<figure class=\"wp-block-embed is-type-rich is-provider-amazon wp-block-embed-amazon\"><div class=\"wp-block-embed__wrapper\">\n<iframe loading=\"lazy\" title=\"FABRIQUE DU CHOC DES CIVILISATIONS ET DES OPINIONS (LA LIBERT\u00c9 DE PENSER AUTREMENT t. 9)\" type=\"text\/html\" width=\"700\" height=\"550\" frameborder=\"0\" allowfullscreen style=\"max-width:100%\" src=\"https:\/\/lire.amazon.fr\/kp\/card?preview=inline&#038;linkCode=kpd&#038;ref_=k4w_oembed_IsdlplQ5vokiWA&#038;asin=B0CY5QD51M&#038;tag=kpembed-20\"><\/iframe>\n<\/div><\/figure>\n\n\n\n<figure class=\"wp-block-embed is-type-rich is-provider-amazon wp-block-embed-amazon\"><div class=\"wp-block-embed__wrapper\">\n<iframe loading=\"lazy\" title=\"LA FRANCE ET LE D\u00c9CLIN (LA LIBERT\u00c9 DE PENSER AUTREMENT t. 5)\" type=\"text\/html\" width=\"700\" height=\"550\" frameborder=\"0\" allowfullscreen style=\"max-width:100%\" src=\"https:\/\/lire.amazon.fr\/kp\/card?preview=inline&#038;linkCode=kpd&#038;ref_=k4w_oembed_Yf3Brrkpmu5kNz&#038;asin=B0BSR8RF9R&#038;tag=kpembed-20\"><\/iframe>\n<\/div><\/figure>\n\n\n\n<figure class=\"wp-block-embed is-type-rich is-provider-amazon wp-block-embed-amazon\"><div class=\"wp-block-embed__wrapper\">\n<iframe loading=\"lazy\" title=\"D\u00c9SAGR\u00c9GATION, PAUP\u00c9RISATION DE L\u2019UNION EUROP\u00c9ENNE. RETOUR DES NATIONALISMES: ECRiTAU mag, la libert\u00e9 de penser autrement\" type=\"text\/html\" width=\"700\" height=\"550\" frameborder=\"0\" allowfullscreen style=\"max-width:100%\" src=\"https:\/\/lire.amazon.fr\/kp\/card?preview=inline&#038;linkCode=kpd&#038;ref_=k4w_oembed_I2OyPO9BwYkguQ&#038;asin=B0CZPMP7GW&#038;tag=kpembed-20\"><\/iframe>\n<\/div><\/figure>\n<\/div>\n\n\n\n<p><\/p>\n\n\n\n<div class=\"wp-block-media-text is-stacked-on-mobile\"><figure class=\"wp-block-media-text__media\"><a href=\"https:\/\/abdesselamboutique.com\/\" target=\"_blank\" rel=\" noreferrer noopener\"><img loading=\"lazy\" decoding=\"async\" width=\"800\" height=\"250\" src=\"https:\/\/abdesselambougedrawi.com\/wp-content\/uploads\/2025\/04\/ALLER-A-MA-BOUTOQUE-BLACK.jpg\" alt=\"\" class=\"wp-image-2159 size-full\" srcset=\"https:\/\/abdesselambougedrawi.com\/wp-content\/uploads\/2025\/04\/ALLER-A-MA-BOUTOQUE-BLACK.jpg 800w, https:\/\/abdesselambougedrawi.com\/wp-content\/uploads\/2025\/04\/ALLER-A-MA-BOUTOQUE-BLACK-300x94.jpg 300w, https:\/\/abdesselambougedrawi.com\/wp-content\/uploads\/2025\/04\/ALLER-A-MA-BOUTOQUE-BLACK-768x240.jpg 768w\" sizes=\"auto, (max-width: 800px) 100vw, 800px\" \/><\/a><\/figure><div class=\"wp-block-media-text__content\">\n<p><strong>Retrouvez mes derni\u00e8res publications au prix d\u00e9fiant toute concurrence de 0,99 \u20ac, avant leur publication sur Amazon. <\/strong><\/p>\n\n\n\n<p><strong>Payement s\u00e9curis\u00e9 <\/strong><\/p>\n\n\n\n<p><\/p>\n<\/div><\/div>\n\n\n\n<p><\/p>\n\n\n\n<p><\/p>\n\n\n\n<p><\/p>\n\n\n\n<p>#Crise \u00e9conomique #paup\u00e9risation #SamuelHuntington #\u00c9ricZemmour FrancisFukuyama #RenaudCamus #grandremplacement #MichelOnfray #chocdescivilisations #islampolitique #souverainisme #extremdroite #feminisme #feministes #abdesselambougedrawi #culture<\/p>\n\n\n\n<p><\/p>\n","protected":false},"excerpt":{"rendered":"<p>\u00c0 travers mes articles et mes publications, je vous propose de mani\u00e8re claire et didactique, des \u00e9claircissements pertinents sur les grands d\u00e9fis de notre \u00e9poque. Aujourd&rsquo;hui, je vous explique pourquoi&hellip; <\/p>\n","protected":false},"author":1,"featured_media":0,"comment_status":"closed","ping_status":"open","sticky":false,"template":"","format":"standard","meta":{"_jetpack_memberships_contains_paid_content":false,"footnotes":""},"categories":[710,23],"tags":[6,546,642,7,708,628,652,709,209,372,510,188,614],"class_list":["post-2287","post","type-post","status-publish","format-standard","hentry","category-crise-economique","category-societe","tag-abdesselam-bougedrawi","tag-choc-des-civilisations","tag-crise-economique-2","tag-culture","tag-eric-zemmour-2","tag-francis-fukuyama","tag-grand-remplacement","tag-pauperisation-2","tag-renaud-camus","tag-samuel-huntington","tag-societe","tag-souverainisme","tag-tyrannie-intellectuelle"],"jetpack_featured_media_url":"","jetpack_sharing_enabled":true,"_links":{"self":[{"href":"https:\/\/abdesselambougedrawi.com\/index.php\/wp-json\/wp\/v2\/posts\/2287","targetHints":{"allow":["GET"]}}],"collection":[{"href":"https:\/\/abdesselambougedrawi.com\/index.php\/wp-json\/wp\/v2\/posts"}],"about":[{"href":"https:\/\/abdesselambougedrawi.com\/index.php\/wp-json\/wp\/v2\/types\/post"}],"author":[{"embeddable":true,"href":"https:\/\/abdesselambougedrawi.com\/index.php\/wp-json\/wp\/v2\/users\/1"}],"replies":[{"embeddable":true,"href":"https:\/\/abdesselambougedrawi.com\/index.php\/wp-json\/wp\/v2\/comments?post=2287"}],"version-history":[{"count":2,"href":"https:\/\/abdesselambougedrawi.com\/index.php\/wp-json\/wp\/v2\/posts\/2287\/revisions"}],"predecessor-version":[{"id":2290,"href":"https:\/\/abdesselambougedrawi.com\/index.php\/wp-json\/wp\/v2\/posts\/2287\/revisions\/2290"}],"wp:attachment":[{"href":"https:\/\/abdesselambougedrawi.com\/index.php\/wp-json\/wp\/v2\/media?parent=2287"}],"wp:term":[{"taxonomy":"category","embeddable":true,"href":"https:\/\/abdesselambougedrawi.com\/index.php\/wp-json\/wp\/v2\/categories?post=2287"},{"taxonomy":"post_tag","embeddable":true,"href":"https:\/\/abdesselambougedrawi.com\/index.php\/wp-json\/wp\/v2\/tags?post=2287"}],"curies":[{"name":"wp","href":"https:\/\/api.w.org\/{rel}","templated":true}]}}