{"id":2303,"date":"2025-06-16T14:37:09","date_gmt":"2025-06-16T12:37:09","guid":{"rendered":"https:\/\/abdesselambougedrawi.com\/?p=2303"},"modified":"2025-06-16T14:38:25","modified_gmt":"2025-06-16T12:38:25","slug":"reponse-irresponsable-dune-philosophe-a-une-interrogation-angoissante-dun-enfant-de-7-ans","status":"publish","type":"post","link":"https:\/\/abdesselambougedrawi.com\/index.php\/2025\/06\/16\/reponse-irresponsable-dune-philosophe-a-une-interrogation-angoissante-dun-enfant-de-7-ans\/","title":{"rendered":"R\u00c9PONSE IRRESPONSABLE D\u2019UNE PHILOSOPHE \u00c0 UNE INTERROGATION ANGOISSANTE D\u2019UN ENFANT DE 7 ANS"},"content":{"rendered":"\n<figure class=\"wp-block-image size-large\"><img loading=\"lazy\" decoding=\"async\" width=\"1024\" height=\"576\" src=\"https:\/\/abdesselambougedrawi.com\/wp-content\/uploads\/2025\/06\/REPONSE-IRRESPONSABLE-DUNE-PHILOSOPHE-A-UNE-INTERROGATION-ANGOISSANT-DUN-ENFANT-DE-7-ANS-1024x576.jpg\" alt=\"\" class=\"wp-image-2304\" srcset=\"https:\/\/abdesselambougedrawi.com\/wp-content\/uploads\/2025\/06\/REPONSE-IRRESPONSABLE-DUNE-PHILOSOPHE-A-UNE-INTERROGATION-ANGOISSANT-DUN-ENFANT-DE-7-ANS-1024x576.jpg 1024w, https:\/\/abdesselambougedrawi.com\/wp-content\/uploads\/2025\/06\/REPONSE-IRRESPONSABLE-DUNE-PHILOSOPHE-A-UNE-INTERROGATION-ANGOISSANT-DUN-ENFANT-DE-7-ANS-300x169.jpg 300w, https:\/\/abdesselambougedrawi.com\/wp-content\/uploads\/2025\/06\/REPONSE-IRRESPONSABLE-DUNE-PHILOSOPHE-A-UNE-INTERROGATION-ANGOISSANT-DUN-ENFANT-DE-7-ANS-768x432.jpg 768w, https:\/\/abdesselambougedrawi.com\/wp-content\/uploads\/2025\/06\/REPONSE-IRRESPONSABLE-DUNE-PHILOSOPHE-A-UNE-INTERROGATION-ANGOISSANT-DUN-ENFANT-DE-7-ANS.jpg 1280w\" sizes=\"auto, (max-width: 1024px) 100vw, 1024px\" \/><\/figure>\n\n\n\n<p class=\"has-kubio-color-4-background-color has-background\"><strong>\u00c0 travers le cas de Gabin, un enfant de 7 ans qui s\u2019interroge de mani\u00e8re angoissante sur le sens de la vie, j\u2019exprime mon extr\u00eame indignation concernant les philosophes et la philosophie. Rien n\u2019est plus pernicieux, rien n\u2019est plus d\u00e9vastateur que des intellectuels lorsqu\u2019ils pensent tout conna\u00eetre. Leur hubris sans limite est \u00e0 l\u2019origine d\u2019une atmosph\u00e8re de morosit\u00e9, de r\u00e9signation, finalement de d\u00e9sespoir. Ne vous laissez plus abuser par des intellectuels insidieux, je vous invite \u00e0 retrouver mes publications sur Amazon.<\/strong><\/p>\n\n\n\n<!--more-->\n\n\n\n<p><\/p>\n\n\n\n<div class=\"wp-block-media-text is-stacked-on-mobile\"><figure class=\"wp-block-media-text__media\"><a href=\"https:\/\/abdesselamboutique.com\/\" target=\"_blank\" rel=\" noreferrer noopener\"><img loading=\"lazy\" decoding=\"async\" width=\"800\" height=\"250\" src=\"https:\/\/abdesselambougedrawi.com\/wp-content\/uploads\/2025\/04\/ALLER-A-MA-BOUTOQUE-BLACK.jpg\" alt=\"\" class=\"wp-image-2159 size-full\" srcset=\"https:\/\/abdesselambougedrawi.com\/wp-content\/uploads\/2025\/04\/ALLER-A-MA-BOUTOQUE-BLACK.jpg 800w, https:\/\/abdesselambougedrawi.com\/wp-content\/uploads\/2025\/04\/ALLER-A-MA-BOUTOQUE-BLACK-300x94.jpg 300w, https:\/\/abdesselambougedrawi.com\/wp-content\/uploads\/2025\/04\/ALLER-A-MA-BOUTOQUE-BLACK-768x240.jpg 768w\" sizes=\"auto, (max-width: 800px) 100vw, 800px\" \/><\/a><\/figure><div class=\"wp-block-media-text__content\">\n<p><strong>Retrouvez mes derni\u00e8res publications au prix d\u00e9fiant toute concurrence de 0,99 \u20ac, avant leur publication sur Amazon. <\/strong><\/p>\n\n\n\n<p><strong>Payement s\u00e9curis\u00e9 <\/strong><\/p>\n\n\n\n<p><\/p>\n<\/div><\/div>\n\n\n\n<h2 class=\"wp-block-heading\">Que les philosophes \u00e9pargnent les enfants<\/h2>\n\n\n\n<p>Sur France Info, Gabin, un enfant de 7 ans, pose l\u2019interrogation suivante : \u00e0 quoi \u00e7a sert de vivre ? Pour r\u00e9pondre \u00e0 cette question angoissante, Marianne Chaillot, une \u00e9minente philosophe, recourt \u00e0 Albert Camus et \u00e0 son absurde. Rien n\u2019est plus d\u00e9vastateur, pour un enfant de cet \u00e2ge, que ce genre d\u2019attitude irresponsable et odieux.<\/p>\n\n\n\n<h2 class=\"wp-block-heading\">7 ans, un \u00e2ge dit d\u00e9cisif<\/h2>\n\n\n\n<p>Classiquement on dit que sept ans constituent l\u2019\u00e2ge o\u00f9 l\u2019on prend conscience de la mort en tant que disparition permanente. Avant cet \u00e2ge, l\u2019enfant assimile le d\u00e9c\u00e8s \u00e0 des voyages ou \u00e0 des absences, mais passagers. Cependant, dans certaines circonstances de maladies incurables, des enfants peuvent acqu\u00e9rir, pr\u00e9cocement, ce sens de la mort en tant que disparition angoissante et permanente. Parfois traumatisante.<\/p>\n\n\n\n<h2 class=\"wp-block-heading\">Inadaptation des \u00e9tudes psychologiques sur l\u2019univers cognitif de l\u2019enfant<\/h2>\n\n\n\n<p>Globalement, les tests psychotechniques ainsi que les \u00e9tudes sur l\u2019univers cognitif de l\u2019enfant sont essentiellement th\u00e9oriques, occultant la personnalit\u00e9 singuli\u00e8re de chaque enfant pris dans son individualit\u00e9. Ces \u00e9tudes portent sur un enfant pris globalement alors que chaque enfant poss\u00e8de une exp\u00e9rience qui lui est propre. S\u2019il existe une multitude de th\u00e9ories sur l\u2019\u00e9volution des enfants, d\u2019une part, aucune n\u2019a d\u00e9montr\u00e9 sa justesse, d\u2019autre part, elles sont souvent en contradiction. Parmi les plus connues, on pourrait citer celle de Freud. En cons\u00e9quence, s\u2019appuyer sur des \u00e9tudes de ce genre est une ineptie.<\/p>\n\n\n\n<h2 class=\"wp-block-heading\">Chez un jeune enfant, l\u2019interrogation sur la mort n\u2019est jamais philosophique<\/h2>\n\n\n\n<p>Chez un jeune enfant, l\u2019interrogation en rapport avec la mort, la vie en tant que m\u00e9ritant d\u2019\u00eatre v\u00e9cue, n\u2019est jamais une question de philosophie. C\u2019est g\u00e9n\u00e9ralement le signe indirect de la pr\u00e9sence d\u2019une angoisse sous-jacente. Parfois puissante. S\u2019il est pertinent de comprendre ce genre d\u2019interrogations, l\u2019essentiel est de savoir pourquoi un enfant les pose.<\/p>\n\n\n\n<h2 class=\"wp-block-heading\">Cas de l\u2019enfant d\u2019une coiffeuse<\/h2>\n\n\n\n<p>Je me rappelle, lorsque j\u2019\u00e9tais jeune m\u00e9decin, d\u2019une coiffeuse qui venait au centre m\u00e9dical o\u00f9 je travaillais pour coiffer patients et personnel. C\u2019\u00e9tait une jeune femme de trente-cinq an, divorc\u00e9e, vivant avec son enfant de 7 ans. Justement, ce dernier lui posait la question suivante de mani\u00e8re r\u00e9currente. <em>Maman, de quelle hauteur faut-il tomber pour mourir ?<\/em><\/p>\n\n\n\n<p>Puisque cette question revenait r\u00e9guli\u00e8rement, des amis lui conseill\u00e8rent de le pr\u00e9senter \u00e0 un psychiatre ou \u00e0 un psychologue. Tandis qu\u2019elle me coiffait, elle me fit part du cas de son fils. Je lui fis cette proposition&nbsp;: avant de proc\u00e9der \u00e0 la mise en \u0153uvre de quelque chose de lourd pour lui, vous devriez commencer, au pr\u00e9alable, par rassurer votre enfant et dialoguer avec lui. Peut-\u00eatre qu\u2019\u00e0 travers son interrogation, il exprime une angoisse de vous perdre en tant que sa m\u00e8re, ensuite, de se retrouver seul et abandonn\u00e9.<\/p>\n\n\n\n<h2 class=\"wp-block-heading\">Commencez par rassurer un enfant angoiss\u00e9<\/h2>\n\n\n\n<p>Je la revis quelques semaines plus tard. Elle me parla de son enfant, de la conversation qu\u2019elle eut avec lui. Effectivement, son enfant de 7 ans d\u00e9veloppait une angoisse de la perte de sa m\u00e8re. Apr\u00e8s l\u2019avoir rassur\u00e9 son enfant et discut\u00e9 avec lui, tout semble \u00eatre revenu \u00e0 la normale.<\/p>\n\n\n\n<h2 class=\"wp-block-heading\">Que les philosophes commencent par s\u2019occuper de leurs propres angoisses<\/h2>\n\n\n\n<p>Avant de s\u2019engager dans une voie qu\u2019ils ne ma\u00eetrisent g\u00e9n\u00e9ralement pas, les philosophes devraient au pr\u00e9alable r\u00e9soudre leurs propres d\u00e9r\u00e8glements psychologiques. Dans tous les cas, faire preuve d\u2019humilit\u00e9.<\/p>\n\n\n\n<p>Marianne Chaillan emport\u00e9e par sa vanit\u00e9, plus que par la raison, propose \u00e0 un enfant d\u00e9sesp\u00e9r\u00e9 de prendre connaissance d\u2019Albert Camus, de son absurde, de son mythe de Sisyphe.<\/p>\n\n\n\n<h2 class=\"wp-block-heading has-kubio-color-4-background-color has-background\">Que les philosophes s\u2019occupent des philosophes et \u00e9pargnent nos enfants<\/h2>\n\n\n\n<p>Gabin, enfant de 7 ans qui posa pareille question sur le bien-fond\u00e9 de la vie et de la mort, de la n\u00e9cessit\u00e9 de vivre la vie pleinement ou non, m\u00e9ritait avant tout d\u2019\u00eatre rassur\u00e9. Certainement pas d\u2019\u00eatre terroris\u00e9 par un Camus, qui, en son temps, eut un effet d\u00e9l\u00e9t\u00e8re sur plusieurs personnes. Des g\u00e9n\u00e9rations furent boulevers\u00e9es par Camus et par sa pens\u00e9e, ils eurent bien du mal \u00e0 s\u2019en sortir. Qu\u2019en serait-il, finalement, d\u2019un enfant d\u00e9muni et fragile&nbsp;? Cette affaire me rend triste.<\/p>\n\n\n\n<p><strong>LIENS UTILES<\/strong><\/p>\n\n\n\n<p><a href=\"https:\/\/www.franceinfo.fr\/replay-radio\/question-d-education\/pourquoi-enseigner-la-philosophie-des-le-plus-jeune-age_7285071.html\">https:\/\/www.franceinfo.fr\/replay-radio\/question-d-education\/pourquoi-enseigner-la-philosophie-des-le-plus-jeune-age_7285071.html<\/a><\/p>\n\n\n\n<p><a href=\"https:\/\/www.radiofrance.fr\/franceinter\/podcasts\/les-p-tits-bateaux\/les-p-tits-bateaux-du-mercredi-13-novembre-2024-8692989\">https:\/\/www.radiofrance.fr\/franceinter\/podcasts\/les-p-tits-bateaux\/les-p-tits-bateaux-du-mercredi-13-novembre-2024-8692989<\/a><\/p>\n\n\n\n<div class=\"wp-block-group is-nowrap is-layout-flex wp-container-core-group-is-layout-ad2f72ca wp-block-group-is-layout-flex\">\n<figure class=\"wp-block-embed is-type-rich is-provider-amazon wp-block-embed-amazon\"><div class=\"wp-block-embed__wrapper\">\n<iframe loading=\"lazy\" title=\"PETITES PENS\u00c9ES AUTOUR DE LA M\u00c9CHANCET\u00c9\" type=\"text\/html\" width=\"700\" height=\"550\" frameborder=\"0\" allowfullscreen style=\"max-width:100%\" src=\"https:\/\/lire.amazon.fr\/kp\/card?preview=inline&#038;linkCode=kpd&#038;ref_=k4w_oembed_WMXbasi4fVdliS&#038;asin=B0CP18H3H4&#038;tag=kpembed-20\"><\/iframe>\n<\/div><\/figure>\n\n\n\n<figure class=\"wp-block-embed is-type-rich is-provider-amazon wp-block-embed-amazon\"><div class=\"wp-block-embed__wrapper\">\n<iframe loading=\"lazy\" title=\"LE SYCROBSPER ET LES INTELLECTUELS\" type=\"text\/html\" width=\"700\" height=\"550\" frameborder=\"0\" allowfullscreen style=\"max-width:100%\" src=\"https:\/\/lire.amazon.fr\/kp\/card?preview=inline&#038;linkCode=kpd&#038;ref_=k4w_oembed_SE3uBOH69tdfKo&#038;asin=B0CJ1V9MXZ&#038;tag=kpembed-20\"><\/iframe>\n<\/div><\/figure>\n\n\n\n<figure class=\"wp-block-embed is-type-rich is-provider-amazon wp-block-embed-amazon\"><div class=\"wp-block-embed__wrapper\">\n<iframe loading=\"lazy\" title=\"TRANSFIGURATION DE L\u2019HUMAIN EN OCCIDENT. LA NAISSANCE DE LA MONADE (LA LIBERT\u00c9 DE PENSER AUTREMENT 6)\" type=\"text\/html\" width=\"700\" height=\"550\" frameborder=\"0\" allowfullscreen style=\"max-width:100%\" src=\"https:\/\/lire.amazon.fr\/kp\/card?preview=inline&#038;linkCode=kpd&#038;ref_=k4w_oembed_VGQD22tcfGiQAf&#038;asin=B0BZ75ZB7H&#038;tag=kpembed-20\"><\/iframe>\n<\/div><\/figure>\n<\/div>\n\n\n\n<p>#Enfant #enfance #mort #angoisse #cognitif #psychologie #psychologiede \u2019enfant #philosophes #abdesselam bougedrawi #culture #\u00c9crivain<\/p>\n\n\n\n<p><\/p>\n","protected":false},"excerpt":{"rendered":"<p>\u00c0 travers le cas de Gabin, un enfant de 7 ans qui s\u2019interroge de mani\u00e8re angoissante sur le sens de la vie, j\u2019exprime mon extr\u00eame indignation concernant les philosophes et&hellip; <\/p>\n","protected":false},"author":1,"featured_media":0,"comment_status":"closed","ping_status":"open","sticky":false,"template":"","format":"standard","meta":{"_jetpack_memberships_contains_paid_content":false,"footnotes":""},"categories":[722,114],"tags":[6,100,7,239,720,719,488,115,510,614,721],"class_list":["post-2303","post","type-post","status-publish","format-standard","hentry","category-enfance","category-philosophie","tag-abdesselam-bougedrawi","tag-angoisse","tag-culture","tag-enfance","tag-enfant","tag-france-info","tag-marianne-chaillan","tag-philosophe","tag-societe","tag-tyrannie-intellectuelle","tag-univers-cognitif"],"jetpack_featured_media_url":"","jetpack_sharing_enabled":true,"_links":{"self":[{"href":"https:\/\/abdesselambougedrawi.com\/index.php\/wp-json\/wp\/v2\/posts\/2303","targetHints":{"allow":["GET"]}}],"collection":[{"href":"https:\/\/abdesselambougedrawi.com\/index.php\/wp-json\/wp\/v2\/posts"}],"about":[{"href":"https:\/\/abdesselambougedrawi.com\/index.php\/wp-json\/wp\/v2\/types\/post"}],"author":[{"embeddable":true,"href":"https:\/\/abdesselambougedrawi.com\/index.php\/wp-json\/wp\/v2\/users\/1"}],"replies":[{"embeddable":true,"href":"https:\/\/abdesselambougedrawi.com\/index.php\/wp-json\/wp\/v2\/comments?post=2303"}],"version-history":[{"count":2,"href":"https:\/\/abdesselambougedrawi.com\/index.php\/wp-json\/wp\/v2\/posts\/2303\/revisions"}],"predecessor-version":[{"id":2308,"href":"https:\/\/abdesselambougedrawi.com\/index.php\/wp-json\/wp\/v2\/posts\/2303\/revisions\/2308"}],"wp:attachment":[{"href":"https:\/\/abdesselambougedrawi.com\/index.php\/wp-json\/wp\/v2\/media?parent=2303"}],"wp:term":[{"taxonomy":"category","embeddable":true,"href":"https:\/\/abdesselambougedrawi.com\/index.php\/wp-json\/wp\/v2\/categories?post=2303"},{"taxonomy":"post_tag","embeddable":true,"href":"https:\/\/abdesselambougedrawi.com\/index.php\/wp-json\/wp\/v2\/tags?post=2303"}],"curies":[{"name":"wp","href":"https:\/\/api.w.org\/{rel}","templated":true}]}}