{"id":2823,"date":"2026-04-29T11:49:55","date_gmt":"2026-04-29T09:49:55","guid":{"rendered":"https:\/\/abdesselambougedrawi.com\/?p=2823"},"modified":"2026-04-29T11:49:56","modified_gmt":"2026-04-29T09:49:56","slug":"i-vers-une-philosophie-de-la-grace","status":"publish","type":"post","link":"https:\/\/abdesselambougedrawi.com\/index.php\/2026\/04\/29\/i-vers-une-philosophie-de-la-grace\/","title":{"rendered":"I-VERS UNE PHILOSOPHIE DE LA GR\u00c2CE"},"content":{"rendered":"\n<figure class=\"wp-block-image size-large\"><img loading=\"lazy\" decoding=\"async\" width=\"1024\" height=\"576\" src=\"https:\/\/abdesselambougedrawi.com\/wp-content\/uploads\/2026\/04\/1-VERS-UNE-PHILOSOPHIE-DE-LA-GRACE-1024x576.jpg\" alt=\"\" class=\"wp-image-2824\" srcset=\"https:\/\/abdesselambougedrawi.com\/wp-content\/uploads\/2026\/04\/1-VERS-UNE-PHILOSOPHIE-DE-LA-GRACE-1024x576.jpg 1024w, https:\/\/abdesselambougedrawi.com\/wp-content\/uploads\/2026\/04\/1-VERS-UNE-PHILOSOPHIE-DE-LA-GRACE-300x169.jpg 300w, https:\/\/abdesselambougedrawi.com\/wp-content\/uploads\/2026\/04\/1-VERS-UNE-PHILOSOPHIE-DE-LA-GRACE-768x432.jpg 768w, https:\/\/abdesselambougedrawi.com\/wp-content\/uploads\/2026\/04\/1-VERS-UNE-PHILOSOPHIE-DE-LA-GRACE.jpg 1280w\" sizes=\"auto, (max-width: 1024px) 100vw, 1024px\" \/><\/figure>\n\n\n\n<p>La d\u00e9ception envers la philosophie classique m\u2019oblige \u00e0 rechercher une autre mani\u00e8re de penser. Plus qu\u2019un mode de pens\u00e9e c\u2019est une autre voie qui puisse fournir aux hommes et aux femmes un univers cognitif dans la vertu est de se situer au-dessus de la morale, de la connaissance, en bref au-dessus de toutes les m\u00e9thodes d\u2019enseignement intellectuel que nous connaissons. Cette condition de l\u2019esprit est suffisante pour que celui qui la d\u00e9tient se trouve en possession d\u2019une morale supr\u00eame \u00e0 partir de laquelle \u00e9mergent de grands principes dont la finalit\u00e9 est le respect de l\u2019humain, quelle que soit sa couleur, sa religion, sa race, sa naissance. Pour dire les choses simplement, je recherche une philosophie suffisamment puissante pour se substituer \u00e0 toutes celles pr\u00e9existantes, et qui fournit \u00e0 l\u2019humain la conscience absolue. La philosophie de la Gr\u00e2ce.<\/p>\n\n\n\n<!--more-->\n\n\n\n<h2 class=\"wp-block-heading\">La philosophie de la gr\u00e2ce existe, c\u2019est le soufisme<\/h2>\n\n\n\n<p>Des lecteurs trouveront que je suis dans l\u2019Utopie, rien n\u2019est plus d\u00e9l\u00e9t\u00e8re que cette pens\u00e9e de la r\u00e9signation. Si, effectivement, cette pens\u00e9e est absente dans la philosophie occidentale, m\u00eame dans celles antiques de Platon et de Socrate, elle est pr\u00e9sente dans le soufisme musulman. L\u2019amour de Dieu, tel que pr\u00e9sent chez le soufi, ne repr\u00e9sente pas le m\u00eame aspect qu\u2019ailleurs. Beaucoup affirmerons, nous aimons tous Dieu. Il n\u2019est pas question de cela, chez le soufi c\u2019est une mani\u00e8re de s\u2019\u00e9lever au-dessus de toutes les conditions humaines connues pour rencontrer un \u00e9tat de transcendance. Cet \u00e9tat particulier, Hal en arabe, repr\u00e9sente l\u2019\u00e9tape ultime \u00e0 partir de laquelle on construit le reste. Morale, conscience, sagesse, politesse\u2026<\/p>\n\n\n\n<p>Je d\u00e9velopperai dans un chapitre ult\u00e9rieur le soufisme. Autrement, vous pouvez voir mes vid\u00e9os sur ce th\u00e8me.<\/p>\n\n\n\n<h2 class=\"wp-block-heading\">Philosophie traditionnelle, autant inutile que dangereuse<\/h2>\n\n\n\n<p>Lorsque l\u2019on consid\u00e8re le bilan de la philosophie depuis Platon, la conclusion est s\u00e9v\u00e8re. L\u2019\u00e9chec est retentissant puisque ni les guerres ni les conflits ni les \u00e9galit\u00e9s n\u2019ont \u00e9t\u00e9 frein\u00e9s, encore moins \u00e9limin\u00e9s. Lorsque l\u2019on consid\u00e8re la philosophie de Platon, je peux conclure qu\u2019elle est \u00e0 l\u2019origine de conflits, de guerres et de g\u00e9nocides. Pour plus d\u2019informations, je mets \u00e0 votre disposition <a href=\"https:\/\/ecritaumag.com\/wp-content\/uploads\/2025\/03\/DEFAIRE-PLATON-PDF-GRATUIT.pdf\">un dossier gratuit \u00e0 t\u00e9l\u00e9charger, d\u00e9faire Platon.<\/a><\/p>\n\n\n\n<p>Plus proche de nous, la p\u00e9riode de l\u2019apr\u00e8s-guerre a \u00e9t\u00e9 particuli\u00e8rement \u00e9prouvante par la pens\u00e9e de l\u2019absurde d\u2019Albert Camus, celle de la dystopie de Georges Orwell. Je ne cite que quelques-uns. La m\u00e9lancolie sociale que nous vivons en ce moment r\u00e9sulte directement de cette pens\u00e9e de la d\u00e9pression.<\/p>\n\n\n\n<p>On ne peut que l\u2019observer, des philosophes en se basant sur la pens\u00e9e de leurs pr\u00e9d\u00e9cesseurs encouragent ouvertement et d\u00e9lib\u00e9r\u00e9ment des affrontements g\u00e9nocidaires. Subitement, leur sagesse leur manque, subitement, ils deviennent des barbares.<\/p>\n\n\n\n<h2 class=\"wp-block-heading\">Des citoyens sous influence<\/h2>\n\n\n\n<p>Ce qui est pr\u00e9occupant est que la raison de l\u2019humain dispara\u00eet. Pr\u00e9cis\u00e9ment, elle est ali\u00e9n\u00e9e par la pens\u00e9e philosophique qui d\u00e9rive de la personnalit\u00e9 obsessionnelle de quelques intellectuelles. Progressivement se perdent \u00e0 la sagacit\u00e9, la perspicacit\u00e9, la clairvoyance. Elles sont remplac\u00e9es par le cynisme que j\u2019ai \u00e9voqu\u00e9 \u00e0 plusieurs reprises.<\/p>\n\n\n\n<h2 class=\"wp-block-heading\">En conclusion<\/h2>\n\n\n\n<p>La philosophie occidentale, telle qu\u2019elle est con\u00e7ue, est pernicieuse. Elle repr\u00e9sente un danger pour l\u2019ensemble de l\u2019humanit\u00e9. Aujourd\u2019hui, plus que jamais, il faudrait abandonner Platon, Socrate, Aristote, Spinoza, Camus, Sartre. En fait, l\u2019ensemble de la philosophie que l\u2019on conna\u00eet.<\/p>\n\n\n\n<p><\/p>\n\n\n\n<div class=\"wp-block-media-text is-stacked-on-mobile\" style=\"grid-template-columns:37% auto\"><figure class=\"wp-block-media-text__media\"><a href=\"https:\/\/ecritaumag.com\/wp-content\/uploads\/2025\/03\/DEFAIRE-PLATON-PDF-GRATUIT.pdf\"><img loading=\"lazy\" decoding=\"async\" width=\"722\" height=\"1024\" src=\"https:\/\/abdesselambougedrawi.com\/wp-content\/uploads\/2025\/11\/MINIATURE-SPECIAL-PLATON-722x1024.jpg\" alt=\"\" class=\"wp-image-2563 size-full\" srcset=\"https:\/\/abdesselambougedrawi.com\/wp-content\/uploads\/2025\/11\/MINIATURE-SPECIAL-PLATON-722x1024.jpg 722w, https:\/\/abdesselambougedrawi.com\/wp-content\/uploads\/2025\/11\/MINIATURE-SPECIAL-PLATON-211x300.jpg 211w, https:\/\/abdesselambougedrawi.com\/wp-content\/uploads\/2025\/11\/MINIATURE-SPECIAL-PLATON-768x1090.jpg 768w, https:\/\/abdesselambougedrawi.com\/wp-content\/uploads\/2025\/11\/MINIATURE-SPECIAL-PLATON.jpg 850w\" sizes=\"auto, (max-width: 722px) 100vw, 722px\" \/><\/a><\/figure><div class=\"wp-block-media-text__content\">\n<p class=\"has-background\" style=\"background-color:#c5e5da\"><strong>Ni Platon ni Socrate ne repr\u00e9sentent les fondateurs d\u2019une quelconque pens\u00e9e novatrice<\/strong><\/p>\n\n\n\n<p class=\"has-background\" style=\"background-color:#c5e5da\"><strong>L\u2019opinion selon laquelle Platon, \u00e0 travers son personnage Socrate, repr\u00e9sente la base de la pens\u00e9e moderne est strictement erron\u00e9e. Elle est impos\u00e9e par des intellectuels qui y trouvent le pr\u00e9texte pour imposer une dictature sur les esprits.  Par sa m\u00e9chancet\u00e9 du rachitique, Socrate contribue \u00e0 l\u2019annihilation de l\u2019esprit critique et \u00e0 la destruction de la connaissance et du savoir. Pire, l\u2019all\u00e9gorie de la grotte associ\u00e9e au mythe de l\u2019Atlantide conduit aux g\u00e9nocides.<\/strong><\/p>\n<\/div><\/div>\n\n\n\n<p><a href=\"https:\/\/ecritaumag.com\/wp-content\/uploads\/2025\/03\/DEFAIRE-PLATON-PDF-GRATUIT.pdf\">https:\/\/ecritaumag.com\/wp-content\/uploads\/2025\/03\/DEFAIRE-PLATON-PDF-GRATUIT.pdf<\/a><\/p>\n\n\n\n<p><br>\u00a0<\/p>\n\n\n\n<p class=\"has-text-align-center has-pale-cyan-blue-background-color has-background\"><strong>Mes essais \u00e0 consulter \u00e9ventuellement<\/strong><\/p>\n\n\n\n<div class=\"wp-block-group is-nowrap is-layout-flex wp-container-core-group-is-layout-ad2f72ca wp-block-group-is-layout-flex\">\n<figure class=\"wp-block-embed is-type-rich is-provider-amazon wp-block-embed-amazon\"><div class=\"wp-block-embed__wrapper\">\n<iframe loading=\"lazy\" title=\"DISCOURS SUR L\u2019UNIVERSALIT\u00c9 EN OCCIDENT : En son nom on commet les g\u00e9nocides (ECRiTAU t. 2) (French Edition)\" type=\"text\/html\" width=\"700\" height=\"550\" frameborder=\"0\" allowfullscreen allow=\"clipboard-write\" style=\"max-width:100%\" src=\"https:\/\/read.amazon.co.uk\/kp\/card?asin=B0DJMNRF4P\"><\/iframe>\n<\/div><\/figure>\n\n\n\n<figure class=\"wp-block-embed is-type-rich is-provider-amazon wp-block-embed-amazon\"><div class=\"wp-block-embed__wrapper\">\n<iframe loading=\"lazy\" title=\"32 LIBELLES (REPENSER LA D\u00c9MOCRATIE OCCIDENTALE t. 1) (French Edition)\" type=\"text\/html\" width=\"700\" height=\"550\" frameborder=\"0\" allowfullscreen allow=\"clipboard-write\" style=\"max-width:100%\" src=\"https:\/\/read.amazon.co.uk\/kp\/card?asin=B0G1HVH6DY\"><\/iframe>\n<\/div><\/figure>\n\n\n\n<figure class=\"wp-block-embed is-type-rich is-provider-amazon wp-block-embed-amazon\"><div class=\"wp-block-embed__wrapper\">\n<iframe loading=\"lazy\" title=\"CANCEL ET CONTRE CANCEL CULTURE: Une m\u00e9chancet\u00e9 bienheureuse (French Edition)\" type=\"text\/html\" width=\"700\" height=\"550\" frameborder=\"0\" allowfullscreen allow=\"clipboard-write\" style=\"max-width:100%\" src=\"https:\/\/read.amazon.co.uk\/kp\/card?asin=B0CTKWYH6S\"><\/iframe>\n<\/div><\/figure>\n\n\n\n<figure class=\"wp-block-embed is-type-rich is-provider-amazon wp-block-embed-amazon\"><div class=\"wp-block-embed__wrapper\">\n<iframe loading=\"lazy\" title=\"FABRIQUE DU CHOC DES CIVILISATIONS ET DES OPINIONS (LA LIBERT\u00c9 DE PENSER AUTREMENT t. 9) (French Edition)\" type=\"text\/html\" width=\"700\" height=\"550\" frameborder=\"0\" allowfullscreen allow=\"clipboard-write\" style=\"max-width:100%\" src=\"https:\/\/read.amazon.co.uk\/kp\/card?asin=B0CY5QD51M\"><\/iframe>\n<\/div><\/figure>\n\n\n\n<figure class=\"wp-block-embed is-type-rich is-provider-amazon wp-block-embed-amazon\"><div class=\"wp-block-embed__wrapper\">\n<iframe loading=\"lazy\" title=\"TRANSFIGURATION DE L\u2019HUMAIN EN OCCIDENT. LA NAISSANCE DE LA MONADE (LA LIBERT\u00c9 DE PENSER AUTREMENT 6) (French Edition)\" type=\"text\/html\" width=\"700\" height=\"550\" frameborder=\"0\" allowfullscreen allow=\"clipboard-write\" style=\"max-width:100%\" src=\"https:\/\/read.amazon.co.uk\/kp\/card?asin=B0BZ75ZB7H\"><\/iframe>\n<\/div><\/figure>\n\n\n\n<figure class=\"wp-block-embed is-type-rich is-provider-amazon wp-block-embed-amazon\"><div class=\"wp-block-embed__wrapper\">\n<iframe loading=\"lazy\" title=\"Discours sur les influences et les manipulations des esprits en Occident : ECRiTAU mag, la libert\u00e9 de penser autrement (French Edition)\" type=\"text\/html\" width=\"700\" height=\"550\" frameborder=\"0\" allowfullscreen allow=\"clipboard-write\" style=\"max-width:100%\" src=\"https:\/\/read.amazon.co.uk\/kp\/card?asin=B0D36HL97Z\"><\/iframe>\n<\/div><\/figure>\n<\/div>\n\n\n\n<p class=\"has-pale-cyan-blue-background-color has-background\">vid\u00e9o  \u00e0 consid\u00e9rer <\/p>\n\n\n\n<figure class=\"wp-block-embed is-type-video is-provider-youtube wp-block-embed-youtube wp-embed-aspect-16-9 wp-has-aspect-ratio\"><div class=\"wp-block-embed__wrapper\">\n<iframe loading=\"lazy\" title=\"ALBERT CAMUS, NI GRAND PENSEUR NI GRAND HOMME\" width=\"700\" height=\"394\" src=\"https:\/\/www.youtube.com\/embed\/zHyiXXpXxEM?feature=oembed\" frameborder=\"0\" allow=\"accelerometer; autoplay; clipboard-write; encrypted-media; gyroscope; picture-in-picture; web-share\" referrerpolicy=\"strict-origin-when-cross-origin\" allowfullscreen><\/iframe>\n<\/div><\/figure>\n\n\n\n<figure class=\"wp-block-embed is-type-video is-provider-youtube wp-block-embed-youtube wp-embed-aspect-16-9 wp-has-aspect-ratio\"><div class=\"wp-block-embed__wrapper\">\n<iframe loading=\"lazy\" title=\"LE SOUFISME, VERSANT SPIRITUEL DE L\u2019ISLAM SUNNITE\" width=\"700\" height=\"394\" src=\"https:\/\/www.youtube.com\/embed\/Nphpy7aK_IQ?feature=oembed\" frameborder=\"0\" allow=\"accelerometer; autoplay; clipboard-write; encrypted-media; gyroscope; picture-in-picture; web-share\" referrerpolicy=\"strict-origin-when-cross-origin\" allowfullscreen><\/iframe>\n<\/div><\/figure>\n\n\n\n<figure class=\"wp-block-embed is-type-video is-provider-youtube wp-block-embed-youtube wp-embed-aspect-16-9 wp-has-aspect-ratio\"><div class=\"wp-block-embed__wrapper\">\n<iframe loading=\"lazy\" title=\"I \u2013 LE SOUFISME : MISE AU POINT PR\u00c9ALABLE\" width=\"700\" height=\"394\" src=\"https:\/\/www.youtube.com\/embed\/z6HIzIQLXlg?feature=oembed\" frameborder=\"0\" allow=\"accelerometer; autoplay; clipboard-write; encrypted-media; gyroscope; picture-in-picture; web-share\" referrerpolicy=\"strict-origin-when-cross-origin\" allowfullscreen><\/iframe>\n<\/div><\/figure>\n\n\n\n<p><\/p>\n\n\n\n<p>#Socrate #Platon #g\u00e9nocide #philosophie #Jean Orwell #1984 #dystopie #absurde #Aristote #gr\u00e2ce #ravissement #philosophe #philosophie #VieBonne #MichelOnfray #MichelHouellebecq #AlainFinkielkraut #LucFerry #Andr\u00e9Glucksmann #PierreManent #AlbertCamus #JeanPaulSartre<\/p>\n","protected":false},"excerpt":{"rendered":"<p>La d\u00e9ception envers la philosophie classique m\u2019oblige \u00e0 rechercher une autre mani\u00e8re de penser. Plus qu\u2019un mode de pens\u00e9e c\u2019est une autre voie qui puisse fournir aux hommes et aux&hellip; <\/p>\n","protected":false},"author":1,"featured_media":0,"comment_status":"closed","ping_status":"open","sticky":false,"template":"","format":"standard","meta":{"_jetpack_memberships_contains_paid_content":false,"footnotes":""},"categories":[1],"tags":[],"class_list":["post-2823","post","type-post","status-publish","format-standard","hentry","category-blog"],"jetpack_featured_media_url":"","jetpack_sharing_enabled":true,"_links":{"self":[{"href":"https:\/\/abdesselambougedrawi.com\/index.php\/wp-json\/wp\/v2\/posts\/2823","targetHints":{"allow":["GET"]}}],"collection":[{"href":"https:\/\/abdesselambougedrawi.com\/index.php\/wp-json\/wp\/v2\/posts"}],"about":[{"href":"https:\/\/abdesselambougedrawi.com\/index.php\/wp-json\/wp\/v2\/types\/post"}],"author":[{"embeddable":true,"href":"https:\/\/abdesselambougedrawi.com\/index.php\/wp-json\/wp\/v2\/users\/1"}],"replies":[{"embeddable":true,"href":"https:\/\/abdesselambougedrawi.com\/index.php\/wp-json\/wp\/v2\/comments?post=2823"}],"version-history":[{"count":1,"href":"https:\/\/abdesselambougedrawi.com\/index.php\/wp-json\/wp\/v2\/posts\/2823\/revisions"}],"predecessor-version":[{"id":2825,"href":"https:\/\/abdesselambougedrawi.com\/index.php\/wp-json\/wp\/v2\/posts\/2823\/revisions\/2825"}],"wp:attachment":[{"href":"https:\/\/abdesselambougedrawi.com\/index.php\/wp-json\/wp\/v2\/media?parent=2823"}],"wp:term":[{"taxonomy":"category","embeddable":true,"href":"https:\/\/abdesselambougedrawi.com\/index.php\/wp-json\/wp\/v2\/categories?post=2823"},{"taxonomy":"post_tag","embeddable":true,"href":"https:\/\/abdesselambougedrawi.com\/index.php\/wp-json\/wp\/v2\/tags?post=2823"}],"curies":[{"name":"wp","href":"https:\/\/api.w.org\/{rel}","templated":true}]}}