{"id":2826,"date":"2026-05-01T18:39:53","date_gmt":"2026-05-01T16:39:53","guid":{"rendered":"https:\/\/abdesselambougedrawi.com\/?p=2826"},"modified":"2026-05-01T18:46:57","modified_gmt":"2026-05-01T16:46:57","slug":"5-vers-une-philosophie-destructrice-de-lhumain","status":"publish","type":"post","link":"https:\/\/abdesselambougedrawi.com\/index.php\/2026\/05\/01\/5-vers-une-philosophie-destructrice-de-lhumain\/","title":{"rendered":"5 VERS UNE PHILOSOPHIE DESTRUCTRICE DE L\u2019HUMAIN"},"content":{"rendered":"\n<figure class=\"wp-block-image size-large\"><img loading=\"lazy\" decoding=\"async\" width=\"1024\" height=\"576\" src=\"https:\/\/abdesselambougedrawi.com\/wp-content\/uploads\/2026\/05\/5-DEPRECIATIPN-DE-LHUMAIN-EN-DEMOCRATIE-1024x576.jpg\" alt=\"\" class=\"wp-image-2827\" srcset=\"https:\/\/abdesselambougedrawi.com\/wp-content\/uploads\/2026\/05\/5-DEPRECIATIPN-DE-LHUMAIN-EN-DEMOCRATIE-1024x576.jpg 1024w, https:\/\/abdesselambougedrawi.com\/wp-content\/uploads\/2026\/05\/5-DEPRECIATIPN-DE-LHUMAIN-EN-DEMOCRATIE-300x169.jpg 300w, https:\/\/abdesselambougedrawi.com\/wp-content\/uploads\/2026\/05\/5-DEPRECIATIPN-DE-LHUMAIN-EN-DEMOCRATIE-768x432.jpg 768w, https:\/\/abdesselambougedrawi.com\/wp-content\/uploads\/2026\/05\/5-DEPRECIATIPN-DE-LHUMAIN-EN-DEMOCRATIE.jpg 1280w\" sizes=\"auto, (max-width: 1024px) 100vw, 1024px\" \/><\/figure>\n\n\n\n<h2 class=\"wp-block-heading\">Une d\u00e9pr\u00e9ciation globale de l\u2019humain en d\u00e9mocratie occidentale<\/h2>\n\n\n\n<p>C\u2019est un paradoxe et non des moindres que la condition des citoyens dans les pays de d\u00e9mocratie occidentale. Ces contr\u00e9es repr\u00e9sentent des syst\u00e8mes avanc\u00e9s au sein desquels l\u2019humain est ma\u00eetre de son destin. Il s\u2019agit finalement d\u2019une affirmation purement th\u00e9orique. Dans les faits, la r\u00e9alit\u00e9 est autre. <\/p>\n\n\n\n<!--more-->\n\n\n\n<p>L\u2019\u00e9galit\u00e9 entre les citoyens, leur fraternit\u00e9, leur respect ne sont que sp\u00e9culatifs. Insidieusement la d\u00e9mocratie se trouve d\u00e9voy\u00e9e, l\u2019amour du pouvoir repr\u00e9sente l\u2019unique objectif des \u00e9lus et des candidats. J\u2019ai d\u00e9j\u00e0 d\u00e9crit cette situation dans mon essai, <a href=\"https:\/\/www.amazon.fr\/dp\/B0G1J5JPZF\">32 libelles<\/a>, disponibles sur Amazon.<\/p>\n\n\n\n<div class=\"wp-block-media-text is-stacked-on-mobile\" style=\"grid-template-columns:37% auto\"><figure class=\"wp-block-media-text__media\"><img loading=\"lazy\" decoding=\"async\" width=\"708\" height=\"1024\" src=\"https:\/\/abdesselambougedrawi.com\/wp-content\/uploads\/2026\/03\/32-LIBELLES-LOW-708x1024.jpg\" alt=\"\" class=\"wp-image-2747 size-full\" srcset=\"https:\/\/abdesselambougedrawi.com\/wp-content\/uploads\/2026\/03\/32-LIBELLES-LOW-708x1024.jpg 708w, https:\/\/abdesselambougedrawi.com\/wp-content\/uploads\/2026\/03\/32-LIBELLES-LOW-208x300.jpg 208w, https:\/\/abdesselambougedrawi.com\/wp-content\/uploads\/2026\/03\/32-LIBELLES-LOW-768x1110.jpg 768w, https:\/\/abdesselambougedrawi.com\/wp-content\/uploads\/2026\/03\/32-LIBELLES-LOW-1063x1536.jpg 1063w, https:\/\/abdesselambougedrawi.com\/wp-content\/uploads\/2026\/03\/32-LIBELLES-LOW-1417x2048.jpg 1417w, https:\/\/abdesselambougedrawi.com\/wp-content\/uploads\/2026\/03\/32-LIBELLES-LOW.jpg 1500w\" sizes=\"auto, (max-width: 708px) 100vw, 708px\" \/><\/figure><div class=\"wp-block-media-text__content\">\n<p class=\"has-background has-small-font-size\" style=\"background-color:#f1ebeb\"><strong>Je suis heureux de vous pr\u00e9senter ce cinqui\u00e8me volume de ma collection, ECRiTAU mag. De mani\u00e8re analogue aux pr\u00e9c\u00e9dentes parutions, je m\u2019efforce de vous pr\u00e9senter un texte succinct, clair et didactique.<br>Bien qu\u2019il ne poss\u00e8de aucune existence, le temps impose sa tyrannie. Par n\u00e9cessit\u00e9 et habitude, nous utilisons les termes de pass\u00e9, de pr\u00e9sent, et de futur. Ensuite, nous y ajustons notre condition d\u2019humain et nos comportements.<br>Ma proposition est qu\u2019il faudrait reconsid\u00e9rer les \u00e9v\u00e9nements, non pas en relation avec le temps, mais selon des connecteurs de coh\u00e9rence qui les relient.<br>J\u2019ai nomm\u00e9 cette entit\u00e9 achev\u00e9e de coh\u00e9sion et de logique, \u00c9v\u00e8nome. Savoir proc\u00e9der \u00e0 la reconnaissance de connecteurs pour d\u00e9terminer un \u00c9v\u00e8nome, c\u2019est acqu\u00e9rir la sagacit\u00e9. Cependant, loin de moi l\u2019id\u00e9e d\u2019abandonner les termes de pass\u00e9, de pr\u00e9sent, et de futur.<\/strong><\/p>\n<\/div><\/div>\n\n\n\n<h2 class=\"wp-block-heading\">L\u2019amour du pouvoir repr\u00e9sente le moteur de la d\u00e9mocratie en Occident<\/h2>\n\n\n\n<p>\u00c0 travers un ensemble de mes articles, de mes essais, je d\u00e9nonce cette ineptie qui est l\u2019amour du pouvoir. Pour l\u2019obtenir, l\u2019homme et la femme politique sont pr\u00eats \u00e0 toutes les manipulations. Une fois qu\u2019ils le poss\u00e8dent, leur d\u00e9marche est celle du m\u00e9pris envers ceux-l\u00e0 m\u00eames qui leur ont permis d\u2019\u00eatre \u00e0 ce niveau de hautes fonctions.<\/p>\n\n\n\n<p>Ils rechignent \u00e0 tenir leurs promesses, lorsque les citoyens les approchent pour de l\u00e9gitimes demandes, ils les m\u00e9prisent. Par la suite, par la r\u00e9p\u00e9tition des \u00e9lections, les responsables int\u00e8grent le d\u00e9nigrement en tant que conduite politique du pouvoir. Accorder la moindre importance aux citoyens repr\u00e9sente un signe de faiblesse.<\/p>\n\n\n\n<h2 class=\"wp-block-heading\">Installation du m\u00e9pris et sa p\u00e9rennisation<\/h2>\n\n\n\n<p>Plus une d\u00e9mocratie vieillit, plus le comportement d\u2019amoindrissement des individus s\u2019accro\u00eet. Arriv\u00e9 \u00e0 un stade extr\u00eame, finalement tr\u00e8s fr\u00e9quent, le citoyen ne repr\u00e9sente aucune valeur. Pour leur dire vulgairement, les individus ne sont l\u00e0 que pour le d\u00e9cor. Un d\u00e9cor dont la vue est repoussante, la plus simple \u00e9vocation scandalise.<\/p>\n\n\n\n<p>Les individus des nations de d\u00e9mocratie deviennent accessoires, ce sera toujours avec m\u00e9pris qu\u2019on leur accordera le strict minimum. Ceci ne manque pas de rappeler la c\u00e9l\u00e8bre phrase que l\u2019on pr\u00eate, peut-\u00eatre abusivement, \u00e0 Marie-Antoinette :<\/p>\n\n\n\n<p>\u00ab <strong>S&rsquo;ils n&rsquo;ont pas de pain, qu&rsquo;ils mangent de la brioche ! \u00bb<\/strong><\/p>\n\n\n\n<p>Il est important pour le lecteur de comprendre ma d\u00e9marche. Je vous propose plusieurs angles de vue pour comprendre les \u00e9l\u00e9ments qui m\u00e8nent \u00e0 la d\u00e9valorisation ainsi qu\u2019\u00e0 la d\u00e9pr\u00e9ciation de l\u2019humain en tant que tel. Le terrain devient favorable pour la mise en e \u0153uvre des diff\u00e9rentes th\u00e9ories de l\u2019autodestruction.<\/p>\n\n\n\n<p><\/p>\n\n\n\n<p class=\"has-text-align-center has-pale-cyan-blue-background-color has-background\"><strong>Mes essais \u00e0 consulter \u00e9ventuellement<\/strong><\/p>\n\n\n\n<div class=\"wp-block-group is-nowrap is-layout-flex wp-container-core-group-is-layout-ad2f72ca wp-block-group-is-layout-flex\">\n<figure class=\"wp-block-embed is-type-rich is-provider-amazon wp-block-embed-amazon\"><div class=\"wp-block-embed__wrapper\">\n<iframe loading=\"lazy\" title=\"DISCOURS SUR L\u2019UNIVERSALIT\u00c9 EN OCCIDENT : En son nom on commet les g\u00e9nocides (ECRiTAU t. 2) (French Edition)\" type=\"text\/html\" width=\"700\" height=\"550\" frameborder=\"0\" allowfullscreen allow=\"clipboard-write\" style=\"max-width:100%\" src=\"https:\/\/read.amazon.co.uk\/kp\/card?asin=B0DJMNRF4P\"><\/iframe>\n<\/div><\/figure>\n\n\n\n<figure class=\"wp-block-embed is-type-rich is-provider-amazon wp-block-embed-amazon\"><div class=\"wp-block-embed__wrapper\">\n<iframe loading=\"lazy\" title=\"32 LIBELLES (REPENSER LA D\u00c9MOCRATIE OCCIDENTALE t. 1) (French Edition)\" type=\"text\/html\" width=\"700\" height=\"550\" frameborder=\"0\" allowfullscreen allow=\"clipboard-write\" style=\"max-width:100%\" src=\"https:\/\/read.amazon.co.uk\/kp\/card?asin=B0G1HVH6DY\"><\/iframe>\n<\/div><\/figure>\n\n\n\n<figure class=\"wp-block-embed is-type-rich is-provider-amazon wp-block-embed-amazon\"><div class=\"wp-block-embed__wrapper\">\n<iframe loading=\"lazy\" title=\"CANCEL ET CONTRE CANCEL CULTURE: Une m\u00e9chancet\u00e9 bienheureuse (French Edition)\" type=\"text\/html\" width=\"700\" height=\"550\" frameborder=\"0\" allowfullscreen allow=\"clipboard-write\" style=\"max-width:100%\" src=\"https:\/\/read.amazon.co.uk\/kp\/card?asin=B0CTKWYH6S\"><\/iframe>\n<\/div><\/figure>\n\n\n\n<figure class=\"wp-block-embed is-type-rich is-provider-amazon wp-block-embed-amazon\"><div class=\"wp-block-embed__wrapper\">\n<iframe loading=\"lazy\" title=\"FABRIQUE DU CHOC DES CIVILISATIONS ET DES OPINIONS (LA LIBERT\u00c9 DE PENSER AUTREMENT t. 9) (French Edition)\" type=\"text\/html\" width=\"700\" height=\"550\" frameborder=\"0\" allowfullscreen allow=\"clipboard-write\" style=\"max-width:100%\" src=\"https:\/\/read.amazon.co.uk\/kp\/card?asin=B0CY5QD51M\"><\/iframe>\n<\/div><\/figure>\n\n\n\n<figure class=\"wp-block-embed is-type-rich is-provider-amazon wp-block-embed-amazon\"><div class=\"wp-block-embed__wrapper\">\n<iframe loading=\"lazy\" title=\"TRANSFIGURATION DE L\u2019HUMAIN EN OCCIDENT. LA NAISSANCE DE LA MONADE (LA LIBERT\u00c9 DE PENSER AUTREMENT 6) (French Edition)\" type=\"text\/html\" width=\"700\" height=\"550\" frameborder=\"0\" allowfullscreen allow=\"clipboard-write\" style=\"max-width:100%\" src=\"https:\/\/read.amazon.co.uk\/kp\/card?asin=B0BZ75ZB7H\"><\/iframe>\n<\/div><\/figure>\n\n\n\n<figure class=\"wp-block-embed is-type-rich is-provider-amazon wp-block-embed-amazon\"><div class=\"wp-block-embed__wrapper\">\n<iframe loading=\"lazy\" title=\"Discours sur les influences et les manipulations des esprits en Occident : ECRiTAU mag, la libert\u00e9 de penser autrement (French Edition)\" type=\"text\/html\" width=\"700\" height=\"550\" frameborder=\"0\" allowfullscreen allow=\"clipboard-write\" style=\"max-width:100%\" src=\"https:\/\/read.amazon.co.uk\/kp\/card?asin=B0D36HL97Z\"><\/iframe>\n<\/div><\/figure>\n<\/div>\n\n\n\n<p><\/p>\n\n\n\n<figure class=\"wp-block-embed is-type-video is-provider-youtube wp-block-embed-youtube wp-embed-aspect-16-9 wp-has-aspect-ratio\"><div class=\"wp-block-embed__wrapper\">\n<iframe loading=\"lazy\" title=\"IV-MIEUX VAUT N\u2019AVOIR JAMAIS EXIST\u00c9. LA SOUFFRANCE DE L\u2019EXISTENCE\" width=\"700\" height=\"394\" src=\"https:\/\/www.youtube.com\/embed\/h7LP2iDCepc?list=PL9H3URhom0xlVSg4AgKL7hUwQzxpTbATZ\" frameborder=\"0\" allow=\"accelerometer; autoplay; clipboard-write; encrypted-media; gyroscope; picture-in-picture; web-share\" referrerpolicy=\"strict-origin-when-cross-origin\" allowfullscreen><\/iframe>\n<\/div><\/figure>\n\n\n\n<figure class=\"wp-block-embed is-type-video is-provider-youtube wp-block-embed-youtube wp-embed-aspect-16-9 wp-has-aspect-ratio\"><div class=\"wp-block-embed__wrapper\">\n<iframe loading=\"lazy\" title=\"HUMAIN MONADE\" width=\"700\" height=\"394\" src=\"https:\/\/www.youtube.com\/embed\/videoseries?list=PL9H3URhom0xlExvhzx_guWPlbCn3sN-HV\" frameborder=\"0\" allow=\"accelerometer; autoplay; clipboard-write; encrypted-media; gyroscope; picture-in-picture; web-share\" referrerpolicy=\"strict-origin-when-cross-origin\" allowfullscreen><\/iframe>\n<\/div><\/figure>\n\n\n\n<p><\/p>\n\n\n\n<p><\/p>\n\n\n\n<p><a href=\"https:\/\/www.youtube.com\/hashtag\/j%C3%A9r%C3%A9mybentham\">#J\u00e9r\u00e9myBentham<\/a> <a href=\"https:\/\/www.youtube.com\/hashtag\/utilitarisme\">#utilitarisme<\/a> <a href=\"https:\/\/www.youtube.com\/hashtag\/r%C3%A9volutionindustrielle\">#r\u00e9volutionindustrielle<\/a> <a href=\"https:\/\/www.youtube.com\/hashtag\/vhem\">#VHEM<\/a> <a href=\"https:\/\/www.youtube.com\/hashtag\/mouvementdel\">#Mouvementdel<\/a>\u2019ExtinctionVolontairedelHumanit\u00e9<a href=\"https:\/\/www.youtube.com\/hashtag\/voluntaryhumanextinctionmovement\">#VoluntaryHumanExtinctionMovement<\/a> <a href=\"https:\/\/www.youtube.com\/hashtag\/davidbenatar\">#DavidBenatar<\/a> <a href=\"https:\/\/www.youtube.com\/hashtag\/antinatalism\">#Antinatalism<\/a> <a href=\"https:\/\/www.youtube.com\/hashtag\/eugensime\">#eugensime<\/a> <a href=\"https:\/\/www.youtube.com\/hashtag\/g%C3%A9nocide\">#g\u00e9nocide<\/a> <a href=\"https:\/\/www.youtube.com\/hashtag\/humain\">#humain<\/a> <a href=\"https:\/\/www.youtube.com\/hashtag\/abdesselambougedrawi\">#abdesselambougedrawi<\/a> <a href=\"https:\/\/www.youtube.com\/hashtag\/culture\">#culture<\/a><\/p>\n\n\n\n<p><\/p>\n\n\n\n<p><\/p>\n\n\n\n<p><\/p>\n\n\n\n<p><\/p>\n","protected":false},"excerpt":{"rendered":"<p>Une d\u00e9pr\u00e9ciation globale de l\u2019humain en d\u00e9mocratie occidentale C\u2019est un paradoxe et non des moindres que la condition des citoyens dans les pays de d\u00e9mocratie occidentale. Ces contr\u00e9es repr\u00e9sentent des&hellip; <\/p>\n","protected":false},"author":1,"featured_media":0,"comment_status":"closed","ping_status":"open","sticky":false,"template":"","format":"standard","meta":{"_jetpack_memberships_contains_paid_content":false,"footnotes":""},"categories":[353],"tags":[6,7,801,803,510,614,804],"class_list":["post-2826","post","type-post","status-publish","format-standard","hentry","category-manipulations","tag-abdesselam-bougedrawi","tag-culture","tag-david-benatar","tag-extinction-humaine","tag-societe","tag-tyrannie-intellectuelle","tag-vhem"],"jetpack_featured_media_url":"","jetpack_sharing_enabled":true,"_links":{"self":[{"href":"https:\/\/abdesselambougedrawi.com\/index.php\/wp-json\/wp\/v2\/posts\/2826","targetHints":{"allow":["GET"]}}],"collection":[{"href":"https:\/\/abdesselambougedrawi.com\/index.php\/wp-json\/wp\/v2\/posts"}],"about":[{"href":"https:\/\/abdesselambougedrawi.com\/index.php\/wp-json\/wp\/v2\/types\/post"}],"author":[{"embeddable":true,"href":"https:\/\/abdesselambougedrawi.com\/index.php\/wp-json\/wp\/v2\/users\/1"}],"replies":[{"embeddable":true,"href":"https:\/\/abdesselambougedrawi.com\/index.php\/wp-json\/wp\/v2\/comments?post=2826"}],"version-history":[{"count":2,"href":"https:\/\/abdesselambougedrawi.com\/index.php\/wp-json\/wp\/v2\/posts\/2826\/revisions"}],"predecessor-version":[{"id":2831,"href":"https:\/\/abdesselambougedrawi.com\/index.php\/wp-json\/wp\/v2\/posts\/2826\/revisions\/2831"}],"wp:attachment":[{"href":"https:\/\/abdesselambougedrawi.com\/index.php\/wp-json\/wp\/v2\/media?parent=2826"}],"wp:term":[{"taxonomy":"category","embeddable":true,"href":"https:\/\/abdesselambougedrawi.com\/index.php\/wp-json\/wp\/v2\/categories?post=2826"},{"taxonomy":"post_tag","embeddable":true,"href":"https:\/\/abdesselambougedrawi.com\/index.php\/wp-json\/wp\/v2\/tags?post=2826"}],"curies":[{"name":"wp","href":"https:\/\/api.w.org\/{rel}","templated":true}]}}