{"id":3108,"date":"2026-08-31T19:13:55","date_gmt":"2026-08-31T17:13:55","guid":{"rendered":"https:\/\/abdesselambougedrawi.com\/?p=3108"},"modified":"2026-08-31T19:13:56","modified_gmt":"2026-08-31T17:13:56","slug":"ma-reponse-a-lensemble-des-abrutis-qui-denigrent-les-musulmans","status":"publish","type":"post","link":"https:\/\/abdesselambougedrawi.com\/index.php\/2026\/08\/31\/ma-reponse-a-lensemble-des-abrutis-qui-denigrent-les-musulmans\/","title":{"rendered":"MA R\u00c9PONSE \u00c0 L\u2019ENSEMBLE DES ABRUTIS QUI D\u00c9NIGRENT LES MUSULMANS"},"content":{"rendered":"\n<figure class=\"wp-block-image size-large\"><img loading=\"lazy\" decoding=\"async\" width=\"1024\" height=\"576\" src=\"https:\/\/abdesselambougedrawi.com\/wp-content\/uploads\/2026\/08\/TRADUIRE-EN-JUSTICES-EXTREME-DROITE-1024x576.jpg\" alt=\"\" class=\"wp-image-3109\" srcset=\"https:\/\/abdesselambougedrawi.com\/wp-content\/uploads\/2026\/08\/TRADUIRE-EN-JUSTICES-EXTREME-DROITE-1024x576.jpg 1024w, https:\/\/abdesselambougedrawi.com\/wp-content\/uploads\/2026\/08\/TRADUIRE-EN-JUSTICES-EXTREME-DROITE-300x169.jpg 300w, https:\/\/abdesselambougedrawi.com\/wp-content\/uploads\/2026\/08\/TRADUIRE-EN-JUSTICES-EXTREME-DROITE-768x432.jpg 768w, https:\/\/abdesselambougedrawi.com\/wp-content\/uploads\/2026\/08\/TRADUIRE-EN-JUSTICES-EXTREME-DROITE.jpg 1280w\" sizes=\"auto, (max-width: 1024px) 100vw, 1024px\" \/><\/figure>\n\n\n\n<p class=\"has-background\" style=\"background-color:#ebf3f7\"><strong>Je tiens \u00e0 pr\u00e9ciser que ce commentaire ne s\u2019adresse pas aux auteurs abrutis, qui se croient intelligent en nous d\u00e9nigrants. Il s\u2019adresse uniquement aux marocains pour qu\u2019ils apprennent \u00e0 argumenter face \u00e0 ces imb\u00e9cillit\u00e9s. Surtout, avoir le courage de les traduire devant la justice marocaine. Lorsque ce sera fait, ils chanteront une autre chanson.<\/strong><\/p>\n\n\n\n<!--more-->\n\n\n\n<p>Concernant les d\u00e9nigrements eux-m\u00eames. Laissez-moi dire que ceux qui tiennent ces propos envers les musulmans ne sont que des pauvres types. Pire, ce ne sont que des polichinelles rampants devant leur \u00e9lite gouvernante. Cette \u00e9lite utilise leurs imb\u00e9cillit\u00e9s pour leur faire oublier, leur mis\u00e8re, leur soumission, leur servitude.<\/p>\n\n\n\n<p>Ce ne sont que des cr\u00e9tins qui, dans des boites de nuit, abreuv\u00e9s de mauvaise piquette, hurlent \u00e0 la mort, marine au pouvoir, les Arabes \u00e0 l\u2019abattoir. Devrais-je rappeler, que c\u2019est gr\u00e2ce \u00e0 la sueur du travail des Arabes musulmans que ces personnes peuvent aller dans les bo\u00eetes de nuit. Pour faire quoi ?<\/p>\n\n\n\n<p>L\u2019autre \u00e9l\u00e9ment est que ce sont des paroles de l\u00e2ches. S\u2019acharner depuis des d\u00e9cennies sur des musulmans, qui a-t-il de si braves, lorsqu\u2019en m\u00eame temps l\u2019on se met \u00e0 genoux devant d\u2019autres&nbsp;?<\/p>\n\n\n\n<p>Les musulmans sont rest\u00e9s durant huit si\u00e8cles en Andalousie. Ils y ont cr\u00e9\u00e9 la plus belle des civilisations. Faites un tour en Espagne. Lorsque les musulmans sont partis, la barbarie a commenc\u00e9 avec l\u2019inquisition. Je voudrais rappeler des faits historiques concernant les chr\u00e9tiens. Des milliers de personnes br\u00fbl\u00e9es vives, des gens \u00e9cartel\u00e9s, \u00e9visc\u00e9r\u00e9s, crucifi\u00e9s. Je voudrais rappeler les noyades de Nantes effectu\u00e9es par des gens se proclamant r\u00e9volutionnaires. Des hommes et des femme nus sont attach\u00e9s puis jet\u00e9s dans un fleuve. Apr\u00e8s, s\u2019ensuivit une \u00e9pid\u00e9mie de typhus. Nous ne sommes que des amateurs face \u00e0 vous.<\/p>\n\n\n\n<p>Faudrait-il que je rappelle l\u2019extermination de milliers de familles, de femmes, d\u2019enfants, de paysans dans la guerre de Vend\u00e9e ?<\/p>\n\n\n\n<p>Faut-il rappeler la guerre des tranch\u00e9es, faut-il rappeler la seconde Guerre mondiale, faudrait-il rappeler la guerre du Vietnam, faudrait-il rappeler celle de l\u2019Indochine. Faudrait-il rappeler les bombes sur Nagasaki et Hiroshima. Faut-il rappeler les chambres \u00e0 gaz, faut-il rappeler les d\u00e9lations. La liste est tr\u00e8s longue.<\/p>\n\n\n\n<p>Combien d\u2019humains sont morts par la responsabilit\u00e9 de personnes comme vous ? Cent million&nbsp;? Cent cinquante millions&nbsp;? Deux cent millions&nbsp;?<\/p>\n\n\n\n<p>Pendant que, stupidement, vous vous acharnez contre nous, nous progressons. \u00c0 titre d\u2019exemple, le Maroc construit des usines de d\u00e9salinisation de l\u2019eau, il investit dans les panneaux solaires, dans l\u2019agriculture. Nous ne mourrons ni de soif, ni de faim, nous pourrons nous r\u00e9chauffer. Qu\u2019en serait-il de vous si vous arrivez un jour \u00e0 sortir de votre torpeur. Et de votre servilit\u00e9.<\/p>\n\n\n\n<p>Vous \u00eates partis trop loin, je vais solliciter notre soci\u00e9t\u00e9 civile, ainsi que le club des avocats du Maroc pour saisir les tribunaux marocains face \u00e0 des d\u00e9clarations d\u2019extermination, ou nazis. Vous savez ce qu\u2019il vous reste \u00e0 faire. \u00c9viter de venir chez moi.<\/p>\n\n\n\n<p>Pour finir, plus vous \u00e9crivez ce genre de sottises, plus je m\u2019amuse, plus je sais que vous allez vers une impasse. Certainement jamais les Arabes musulmans.<\/p>\n\n\n\n<figure class=\"wp-block-embed is-type-video is-provider-tiktok wp-block-embed-tiktok\"><div class=\"wp-block-embed__wrapper\">\n<blockquote class=\"tiktok-embed\" cite=\"https:\/\/www.tiktok.com\/@abdesselam.bougedrawi\/video\/7679844606250388758\" data-video-id=\"7679844606250388758\" data-embed-from=\"oembed\" style=\"max-width:605px; min-width:325px;\"> <section> <a target=\"_blank\" title=\"@abdesselam.bougedrawi\" href=\"https:\/\/www.tiktok.com\/@abdesselam.bougedrawi?refer=embed\">@abdesselam.bougedrawi<\/a> <p>MA R\u00c9PONSE \u00c0 L\u2019ENSEMBLE DES ABRUTIS QUI D\u00c9NIGRENT LES MUSULMANS Je tiens \u00e0 pr\u00e9ciser que ce commentaire ne s\u2019adresse pas aux auteurs abrutis, qui se croient intelligent en nous d\u00e9nigrants. Il s\u2019adresse uniquement \u00e0 des musulmans pour qu\u2019ils apprennent \u00e0 argumenter face \u00e0 ces imb\u00e9cillit\u00e9s. GiorgiaMeloni Italie fascisme fasciste Mussolini racisme Nazi JordanBardella MarieLePen RassemblementNational islam racisme abattoir MarionLePen SarahKnafo  PascalPrau culture  EricZemmour ChristineKelly LaurenceFerrari<\/p> <a target=\"_blank\" title=\"\u266c son original - abdesselam.bougedrawi - abdesselam.bougedrawi\" href=\"https:\/\/www.tiktok.com\/music\/son-original-abdesselambougedrawi-7679844692065848086?refer=embed\">\u266c son original &#8211; abdesselam.bougedrawi &#8211; abdesselam.bougedrawi<\/a> <\/section> <\/blockquote> <script async src=\"https:\/\/www.tiktok.com\/embed.js\"><\/script>\n<\/div><\/figure>\n\n\n\n<p><\/p>\n\n\n\n<p><\/p>\n\n\n\n<p>#GiorgiaMeloni #Italie #fascisme #fasciste #Nazi #racisme # #AbderrahimFakir #FratellidItalia #JordanBardella #MarieLePen #RassemblementNational #islam #racisme #abattoir #MarionLePen #SarahKnafo # #PascalPrau #culture #Supremaciste #Cnews #EricZemmour #ChristineKelly #LaurenceFerrari<\/p>\n","protected":false},"excerpt":{"rendered":"<p>Je tiens \u00e0 pr\u00e9ciser que ce commentaire ne s\u2019adresse pas aux auteurs abrutis, qui se croient intelligent en nous d\u00e9nigrants. Il s\u2019adresse uniquement aux marocains pour qu\u2019ils apprennent \u00e0 argumenter&hellip; <\/p>\n","protected":false},"author":1,"featured_media":0,"comment_status":"closed","ping_status":"open","sticky":false,"template":"","format":"standard","meta":{"_jetpack_newsletter_access":"","_jetpack_dont_email_post_to_subs":false,"_jetpack_newsletter_tier_id":0,"_jetpack_memberships_contains_paywalled_content":false,"_jetpack_feature_clip_id":0,"_jetpack_memberships_contains_paid_content":false,"footnotes":"","jetpack_post_was_ever_published":false},"categories":[1],"tags":[],"class_list":["post-3108","post","type-post","status-publish","format-standard","hentry","category-blog"],"jetpack_featured_media_url":"","jetpack_sharing_enabled":true,"_links":{"self":[{"href":"https:\/\/abdesselambougedrawi.com\/index.php\/wp-json\/wp\/v2\/posts\/3108","targetHints":{"allow":["GET"]}}],"collection":[{"href":"https:\/\/abdesselambougedrawi.com\/index.php\/wp-json\/wp\/v2\/posts"}],"about":[{"href":"https:\/\/abdesselambougedrawi.com\/index.php\/wp-json\/wp\/v2\/types\/post"}],"author":[{"embeddable":true,"href":"https:\/\/abdesselambougedrawi.com\/index.php\/wp-json\/wp\/v2\/users\/1"}],"replies":[{"embeddable":true,"href":"https:\/\/abdesselambougedrawi.com\/index.php\/wp-json\/wp\/v2\/comments?post=3108"}],"version-history":[{"count":1,"href":"https:\/\/abdesselambougedrawi.com\/index.php\/wp-json\/wp\/v2\/posts\/3108\/revisions"}],"predecessor-version":[{"id":3110,"href":"https:\/\/abdesselambougedrawi.com\/index.php\/wp-json\/wp\/v2\/posts\/3108\/revisions\/3110"}],"wp:attachment":[{"href":"https:\/\/abdesselambougedrawi.com\/index.php\/wp-json\/wp\/v2\/media?parent=3108"}],"wp:term":[{"taxonomy":"category","embeddable":true,"href":"https:\/\/abdesselambougedrawi.com\/index.php\/wp-json\/wp\/v2\/categories?post=3108"},{"taxonomy":"post_tag","embeddable":true,"href":"https:\/\/abdesselambougedrawi.com\/index.php\/wp-json\/wp\/v2\/tags?post=3108"}],"curies":[{"name":"wp","href":"https:\/\/api.w.org\/{rel}","templated":true}]}}